{"id":816,"date":"2020-08-01T17:32:42","date_gmt":"2020-08-01T17:32:42","guid":{"rendered":"http:\/\/geschichte.bibibo.info\/?p=816"},"modified":"2020-08-06T10:33:40","modified_gmt":"2020-08-06T10:33:40","slug":"ein-schrecklicher-tag-6-august-1945","status":"publish","type":"post","link":"https:\/\/geschichte.bibibo.info\/?p=816","title":{"rendered":"&#8222;Ein schrecklicher Tag&#8220; &#8211; Erinnerungen und Gedanken"},"content":{"rendered":"\n<div class=\"wp-block-columns is-layout-flex wp-container-core-columns-is-layout-28f84493 wp-block-columns-is-layout-flex\">\n<div class=\"wp-block-column is-layout-flow wp-block-column-is-layout-flow\">\n<div class=\"wp-block-image\"><figure class=\"aligncenter is-resized\"><img loading=\"lazy\" decoding=\"async\" src=\"https:\/\/geschichte.bibibo.info\/wp-content\/uploads\/2020\/08\/image-682x1024.png\" alt=\"Dieses Bild hat ein leeres Alt-Attribut. Der Dateiname ist image-682x1024.png\" width=\"393\" height=\"591\"\/><\/figure><\/div>\n\n\n\n<p><\/p>\n<\/div>\n\n\n\n<div class=\"wp-block-column is-layout-flow wp-block-column-is-layout-flow\">\n<div class=\"wp-block-image\"><figure class=\"aligncenter size-large\"><img loading=\"lazy\" decoding=\"async\" width=\"472\" height=\"676\" src=\"https:\/\/geschichte.bibibo.info\/wp-content\/uploads\/2020\/08\/give-me-water-Einband.jpg\" alt=\"\" class=\"wp-image-844\" srcset=\"https:\/\/geschichte.bibibo.info\/wp-content\/uploads\/2020\/08\/give-me-water-Einband.jpg 472w, https:\/\/geschichte.bibibo.info\/wp-content\/uploads\/2020\/08\/give-me-water-Einband-209x300.jpg 209w\" sizes=\"auto, (max-width: 472px) 100vw, 472px\" \/><\/figure><\/div>\n\n\n\n<p><\/p>\n<\/div>\n<\/div>\n\n\n\n<p><a href=\"https:\/\/de.wikipedia.org\/wiki\/Verdursten\">Verdursten<\/a>, so sagt man, ist <a href=\"https:\/\/www.welt.de\/gesundheit\/article143528694\/Das-passiert-im-Koerper-wenn-wir-verdursten.html\">ein schreckliches, schmerzhaftes Erleben<\/a>.<br>Wenn kein Wasser vom Himmel f\u00e4llt, fehlt den Lebewesen ein existentielles Lebenselexier. <br>Wenn das Trinkwasser vergiftet ist, auch. Und es ist <a href=\"https:\/\/www.worldnuclearreport.org\/Atomkraft-in-Japan-Ein-langsamer-Tod.html\">ein langsamer Tod<\/a>.<\/p>\n\n\n\n<p>Vor jetzt genau 40 Jahren habe ich dieses B\u00fcchlein in Hiroschima gekauft, nicht wissend, was ich damit einmal tun kann, wem ich das zeigen und zumuten kann. <br>Gerade lese ich in der Wochenendausgabe im Gie\u00dfener Anzeiger (01.07.2020) den gleichnamigen Artikel, sehe das Bild vom Atompilz und erinnere mich. Der Schreck sitzt tief. Noch immer kann ich das Grauen nicht fassen, was mich damals am Memorial-Dom in Hiroshima ergriffen hat. <br>\u00c4hnlich erging es mir nur auf dem Gr\u00e4berfeld in <a href=\"https:\/\/de.wikipedia.org\/wiki\/Schlacht_um_Verdun\">Verdun, <\/a>in <a href=\"https:\/\/de.wikipedia.org\/wiki\/KZ_Buchenwald\">Buchenwald <\/a>und im <a href=\"https:\/\/de.wikipedia.org\/wiki\/United_States_Holocaust_Memorial_Museum\">Holocaust Memorial Museum in Washington<\/a>. <strong>Wer Gelegenheit hat das zu besuchen: nicht z\u00f6gern!<\/strong><\/p>\n\n\n\n<p>Offenbar braucht es viele Jahre, um \u00fcber das Grauen sprechen k\u00f6nnen. \u00c4hnlich wie bei mir gerade, sehen wir es bei den Kriegsteilnehmern, -opfern, -kindern hier, die erst im hohen Alter &#8211; nach langer Verdr\u00e4ngung &#8211; Worte f\u00fcr das nahezu Unaussprechliche finden . Hier <a href=\"https:\/\/www.welt.de\/kultur\/history\/zweiter-weltkrieg\/video13942754\/1945-faellt-die-Atombombe-auf-Hiroshima.html\">ein History-Video<\/a>.<\/p>\n\n\n\n<div class=\"wp-block-image\"><figure class=\"aligncenter is-resized\"><img loading=\"lazy\" decoding=\"async\" src=\"https:\/\/upload.wikimedia.org\/wikipedia\/commons\/8\/8a\/HiroshimaGembakuDome6747.jpg\" alt=\"https:\/\/upload.wikimedia.org\/wikipedia\/commons\/8\/8a\/HiroshimaGembakuDome6747.jpg\" width=\"681\" height=\"453\"\/><figcaption>Foto: Wikipedia &#8211; <a href=\"https:\/\/de.wikipedia.org\/wiki\/Friedenspark_Hiroshima\">Friedenspark Hiroshima<\/a><\/figcaption><\/figure><\/div>\n\n\n\n<p>Damals, friedensbewegt Anfang der 80er Jahre, habe ich mich angesichts der folgenden Bilder gewundert, wie wenige Demonstranten am Tag es Bombenabwurfes am 6.\u00a0August 1945 gegen Atomkraft protestierten.<br>Und auch in Nagasaki, wo eine zweite Bombe am 9. August 1945 fiel, sah ich neben den wenigen Offiziellen, die der Opfer gedachten, nur wenige Demonstranten.<\/p>\n\n\n\n<div class=\"wp-block-columns is-layout-flex wp-container-core-columns-is-layout-28f84493 wp-block-columns-is-layout-flex\">\n<div class=\"wp-block-column is-layout-flow wp-block-column-is-layout-flow\">\n<div class=\"wp-block-image\"><figure class=\"aligncenter size-large\"><img loading=\"lazy\" decoding=\"async\" width=\"436\" height=\"666\" src=\"https:\/\/geschichte.bibibo.info\/wp-content\/uploads\/2020\/08\/image-2.png\" alt=\"\" class=\"wp-image-819\" srcset=\"https:\/\/geschichte.bibibo.info\/wp-content\/uploads\/2020\/08\/image-2.png 436w, https:\/\/geschichte.bibibo.info\/wp-content\/uploads\/2020\/08\/image-2-196x300.png 196w\" sizes=\"auto, (max-width: 436px) 100vw, 436px\" \/><\/figure><\/div>\n\n\n\n<div class=\"wp-block-image\"><figure class=\"aligncenter size-large\"><img loading=\"lazy\" decoding=\"async\" width=\"501\" height=\"829\" src=\"https:\/\/geschichte.bibibo.info\/wp-content\/uploads\/2020\/08\/image-4.png\" alt=\"\" class=\"wp-image-821\" srcset=\"https:\/\/geschichte.bibibo.info\/wp-content\/uploads\/2020\/08\/image-4.png 501w, https:\/\/geschichte.bibibo.info\/wp-content\/uploads\/2020\/08\/image-4-181x300.png 181w\" sizes=\"auto, (max-width: 501px) 100vw, 501px\" \/><\/figure><\/div>\n\n\n\n<div class=\"wp-block-image\"><figure class=\"aligncenter size-large\"><img loading=\"lazy\" decoding=\"async\" width=\"820\" height=\"666\" src=\"https:\/\/geschichte.bibibo.info\/wp-content\/uploads\/2020\/08\/image-6.png\" alt=\"\" class=\"wp-image-823\" srcset=\"https:\/\/geschichte.bibibo.info\/wp-content\/uploads\/2020\/08\/image-6.png 820w, https:\/\/geschichte.bibibo.info\/wp-content\/uploads\/2020\/08\/image-6-300x244.png 300w, https:\/\/geschichte.bibibo.info\/wp-content\/uploads\/2020\/08\/image-6-768x624.png 768w\" sizes=\"auto, (max-width: 820px) 100vw, 820px\" \/><\/figure><\/div>\n\n\n\n<figure class=\"wp-block-image size-large\"><img loading=\"lazy\" decoding=\"async\" width=\"546\" height=\"867\" src=\"https:\/\/geschichte.bibibo.info\/wp-content\/uploads\/2020\/08\/9-give-me-water.jpg\" alt=\"\" class=\"wp-image-851\" srcset=\"https:\/\/geschichte.bibibo.info\/wp-content\/uploads\/2020\/08\/9-give-me-water.jpg 546w, https:\/\/geschichte.bibibo.info\/wp-content\/uploads\/2020\/08\/9-give-me-water-189x300.jpg 189w\" sizes=\"auto, (max-width: 546px) 100vw, 546px\" \/><\/figure>\n\n\n\n<p>Fotos: Lindemann<\/p>\n<\/div>\n\n\n\n<div class=\"wp-block-column is-layout-flow wp-block-column-is-layout-flow\">\n<div class=\"wp-block-image\"><figure class=\"aligncenter size-large\"><img loading=\"lazy\" decoding=\"async\" width=\"598\" height=\"894\" src=\"https:\/\/geschichte.bibibo.info\/wp-content\/uploads\/2020\/08\/4-dome-give-me-water.jpg\" alt=\"\" class=\"wp-image-849\" srcset=\"https:\/\/geschichte.bibibo.info\/wp-content\/uploads\/2020\/08\/4-dome-give-me-water.jpg 598w, https:\/\/geschichte.bibibo.info\/wp-content\/uploads\/2020\/08\/4-dome-give-me-water-201x300.jpg 201w\" sizes=\"auto, (max-width: 598px) 100vw, 598px\" \/><\/figure><\/div>\n\n\n\n<figure class=\"wp-block-image size-large\"><img loading=\"lazy\" decoding=\"async\" width=\"796\" height=\"792\" src=\"https:\/\/geschichte.bibibo.info\/wp-content\/uploads\/2020\/08\/8-give-me-water.jpg\" alt=\"\" class=\"wp-image-850\" srcset=\"https:\/\/geschichte.bibibo.info\/wp-content\/uploads\/2020\/08\/8-give-me-water.jpg 796w, https:\/\/geschichte.bibibo.info\/wp-content\/uploads\/2020\/08\/8-give-me-water-300x298.jpg 300w, https:\/\/geschichte.bibibo.info\/wp-content\/uploads\/2020\/08\/8-give-me-water-150x150.jpg 150w, https:\/\/geschichte.bibibo.info\/wp-content\/uploads\/2020\/08\/8-give-me-water-768x764.jpg 768w\" sizes=\"auto, (max-width: 796px) 100vw, 796px\" \/><\/figure>\n\n\n\n<figure class=\"wp-block-image size-large\"><img loading=\"lazy\" decoding=\"async\" width=\"761\" height=\"684\" src=\"https:\/\/geschichte.bibibo.info\/wp-content\/uploads\/2020\/08\/image-7.png\" alt=\"\" class=\"wp-image-824\" srcset=\"https:\/\/geschichte.bibibo.info\/wp-content\/uploads\/2020\/08\/image-7.png 761w, https:\/\/geschichte.bibibo.info\/wp-content\/uploads\/2020\/08\/image-7-300x270.png 300w\" sizes=\"auto, (max-width: 761px) 100vw, 761px\" \/><\/figure>\n\n\n\n<p><strong>Little Boy<\/strong> (englisch f\u00fcr <em>Kleiner Junge<\/em>) war der Codename der ersten milit\u00e4risch eingesetzten Atombombe,<br>Die <a href=\"https:\/\/de.wikipedia.org\/wiki\/Kernwaffe\">Kernwaffe<\/a> mit einer Ladung aus <a href=\"https:\/\/de.wikipedia.org\/wiki\/Uran\">Uran<\/a> war ab Anfang 1942 im Zuge des <a href=\"https:\/\/de.wikipedia.org\/wiki\/Manhattan_Project\">Manhattan Projects<\/a> entwickelt worden und erreichte eine Sprengkraft von etwa 13&nbsp;<a href=\"https:\/\/de.wikipedia.org\/wiki\/TNT-%C3%84quivalent#TNT-%C3%84quivalent_von_Explosivwaffen\">Kilotonnen<\/a> <a href=\"https:\/\/de.wikipedia.org\/wiki\/Trinitrotoluol\">TNT<\/a>.<\/p>\n\n\n\n<p>Bei der Kernwaffenexplosion und dem von dieser initiierten <a href=\"https:\/\/de.wikipedia.org\/wiki\/Feuersturm\">Feuersturm<\/a> starben unmittelbar 20.000 bis 120.000 Menschen. Viele der \u00dcberlebenden (\u201e<a href=\"https:\/\/de.wikipedia.org\/wiki\/Hibakusha\">Hibakusha<\/a>\u201c) starben an der damals noch unerkl\u00e4rlichen Strahlenkrankheit oder leiden bis heute an den Sp\u00e4tfolgen der aufgenommenen <a href=\"https:\/\/de.wikipedia.org\/wiki\/Radioaktivit%C3%A4t\">radioaktiven<\/a> <a href=\"https:\/\/de.wikipedia.org\/wiki\/Strahlenexposition\">Strahlenbelastung<\/a>. Zudem wurden sie viele Jahre sozial ge\u00e4chtet. <\/p>\n\n\n\n<p>Drei Tage sp\u00e4ter wurde auf <a href=\"https:\/\/de.wikipedia.org\/wiki\/Atombombenabw%C3%BCrfe_auf_Hiroshima_und_Nagasaki\">Nagasaki <\/a>die zweite Atombombe <em>Fat Man<\/em> (englisch\u00a0f\u00fcr\u00a0<em>Dicker Mann<\/em>) abgeworfen. <br>Diese nutzte <a href=\"https:\/\/de.wikipedia.org\/wiki\/Plutonium\">Plutonium<\/a> als Spaltmaterial und war mit 21\u00a0Kilotonnen <a href=\"https:\/\/de.wikipedia.org\/wiki\/TNT-%C3%84quivalent#TNT-%C3%84quivalent_von_Explosivwaffen\">TNT-\u00c4quivalent<\/a> wesentlich st\u00e4rker.<\/p>\n\n\n\n<figure class=\"wp-block-image size-large\"><img loading=\"lazy\" decoding=\"async\" width=\"518\" height=\"356\" src=\"https:\/\/geschichte.bibibo.info\/wp-content\/uploads\/2020\/08\/image-9.png\" alt=\"\" class=\"wp-image-852\" srcset=\"https:\/\/geschichte.bibibo.info\/wp-content\/uploads\/2020\/08\/image-9.png 518w, https:\/\/geschichte.bibibo.info\/wp-content\/uploads\/2020\/08\/image-9-300x206.png 300w\" sizes=\"auto, (max-width: 518px) 100vw, 518px\" \/><\/figure>\n<\/div>\n<\/div>\n\n\n\n<p>Kurz nach der Kapitulation Japans kamen amerikanische Inspektoren, um das Ausma\u00df der Sch\u00e4den genau zu dokumentieren. Alles wurde erbarmungslos festgehalten, um zu verstehen, was man da eigentlich angerichtet hatten. Auch die Strahlenopfer wurden akribisch \u00fcber viele Jahrzehnte untersucht &#8211; und nur das. Niemand wurde von amerikanischer Seite behandelt &#8211; was viele weitere Tote h\u00e4tte verhindern k\u00f6nnen, die noch &#8211; wegen der strahlenbedingt gesch\u00e4digten Immunabwehr &#8211; an Infektionen starben.<\/p>\n\n\n\n<p>Um die Ihre Kapitulation hatte sich Japan, wie man heute aus historischen Quellen wei\u00df, l\u00e4ngst diplomatisch bem\u00fcht, so dass der Atombombenversuch v\u00f6llig unn\u00f6tig war. Die Tests befriedigten lediglich milit\u00e4rische Neugier und sollten anderen Staaten die St\u00e4rke der USA demonstrieren. Der Atombombenabwurf war also nicht notwendig, um den Krieg zu beenden, wie es von der offiziellen Propaganda verbreitet wurde. <br>Aber auch von japanischer Seite wurde nichts unternommen, um den 5 Stunden w\u00e4hrenden Anflug der amerikanischen Bomber zu stoppen oder die Einwohner in den St\u00e4dten zu warnen. Offenbar hatte jeder der Verantwortlichen Angst, sein Gesicht zu verlieren und der offiziellen Meinungslenkung, man stehe kurz vor den Endsieg, entgegenzutreten. Letztlich f\u00fchrte diese Strategie dazu, die Monarchie in Japan zu erhalten.<\/p>\n\n\n\n<p><strong>Angesichts solcher Bilder, solcher Informationen, kann man nur das Grausen bekommen. <\/strong><br>Aber leider sind \u00e4hnliche Bilder seit damals all zu oft in den Nachrichten zu sehen. <br>Damit sind sie zwar im eigenen Wohnzimmer ganz nah, erzeugen Angst und zugleich sind sie doch so fern und st\u00f6ren kaum bei Pizza und Bier. Wir haben gelernt, uns von solchen Bildern und Nachrichten innerlich zu distanzieren, so zu tun, als ob uns das nichts anginge. <br>Wir leben mit unseren Waffenexporten und den Grundgesetzt\u00fcbertretungen der von hier aus gesteuerten amerikanischen Drohnenfl\u00fcge oder den Atomwaffen auf unserem Boden, mit den Lebenmittelexporten nach Afrika, den Stellvertreterkriegen \u00fcberall auf der Welt, den Toten im Mittelmeer usw.<\/p>\n\n\n\n<p>Dabei ist das menschliche Leid unvorstellbar, ja tats\u00e4chlich kaum auszuhalten. <br>Da ist es verst\u00e4ndlich, ja menschlich und ein Gl\u00fcck, dass wir verdr\u00e4ngen k\u00f6nnen. <br><strong>Und dennoch darf nicht vergessen werden<\/strong>, damit wir Morgen nicht die Fehler von Gestern wiederholen!<\/p>\n\n\n\n<p>Die Wucht der Hitze in Hiroshima lie\u00df an manchen Stellen von einem Menschen nur noch seinen eingebrannten Schatten im Stein \u00fcbrig. Viele wurden von der Wucht der Druckwelle und den umherfliegenden Splittern getroffen. Weitere verbrannten in der damals noch weitgehend h\u00f6lzernen Gro\u00dfstadt. Und wer nicht so nah am Epizentrum der Explosion war, litt an den Folgen der atomaren Strahlung, am verseuchten Wasser, bekam Krebs oder missgebildete Kinder. <\/p>\n\n\n\n<p>Dennoch begann Japan bereits 1954 mit einem Nuklearforschungsprogramm. Der erste Versuchsreaktor ging 1963 in Betrieb; 1966 folgte der erste kommerziell genutzte Reaktorblock. Aktuell sind &#8211; trotz des Supergaus 2011 in <strong><a href=\"https:\/\/de.wikipedia.org\/wiki\/Kernkraftwerk_Fukushima_Daiichi\">Fukushima <\/a><\/strong>&#8211; <a href=\"https:\/\/de.statista.com\/statistik\/daten\/studie\/152153\/umfrage\/anzahl-der-sich-in-betrieb-befindenden-atomkraftwerke-weltweit\/\">55 Reaktoren am Netz<\/a> und versorgen das Land mit Energie.<br>Quelle: <a href=\"https:\/\/www.focus.de\/panorama\/welt\/tsunami-in-japan\/wirtschaftliche-folgen\/tid-21674\/atomkraft-bilanz-weltweit-ueberblick-weltweit-welche-staaten-die-meisten-atomkraftwerke-haben-und-planen_aid_608686.html\">Fokus<\/a><\/p>\n\n\n\n<p>Als 1986 das <a href=\"https:\/\/de.wikipedia.org\/wiki\/Nuklearkatastrophe_von_Tschernobyl\">Kernkraftwerk <\/a><strong><a href=\"https:\/\/de.wikipedia.org\/wiki\/Nuklearkatastrophe_von_Tschernobyl\">Tschernobyl<\/a> <\/strong>in die Luft flog und bald klar wurde, dass die radioaktiven Partikel sich mit dem Wind auch bis zu uns verbreiten, so erinnere ich, war die Sorge um unsere Kinder gro\u00df. <br>Aus dem Gef\u00fchl der Hilflosigkeit tauschten wir den Sand in Sandk\u00e4sten aus! Im Haus bleiben! Wie mit dem Gem\u00fcse aus dem Garten umgehen? Wie den Kindern erkl\u00e4ren? <br>&#8230; all das besch\u00e4ftigte uns &#8211; \u00e4hnlich wie heute angesichts der anderen unsichtbaren Bedrohung: <strong>corona <\/strong>covid 19 sars cov 2!<br>Noch heute kann z.B. in Bayern kein Pilz, kein Wild aus dem Wald verzehrt werden, da alles noch immer heftig radioaktiv verstrahlt ist. Dennoch tun wir l\u00e4ngst so, als ob es das alles nicht g\u00e4be.<\/p>\n\n\n\n<p>Uran hat eine <strong>Halbwertszeit<\/strong> von <strong>703,8 Mio. Jahren<\/strong>, Plutonium-239 von <strong>24.110 Jahren<\/strong>. <br>Die Halbwertszeit ist die Zeitspanne, in der die Radioaktivit\u00e4t auf die H\u00e4lfte des anf\u00e4nglichen Werts abnimmt.<\/p>\n\n\n\n<div class=\"wp-block-image\"><figure class=\"aligncenter is-resized\"><img loading=\"lazy\" decoding=\"async\" src=\"https:\/\/upload.wikimedia.org\/wikipedia\/commons\/thumb\/d\/d0\/Exponential-decay.png\/370px-Exponential-decay.png\" alt=\"Halbwertszeit \u2013 Wikipedia\" width=\"230\" height=\"188\"\/><figcaption>Bild: wikipedia<\/figcaption><\/figure><\/div>\n\n\n\n<p>Psychologische gesehen verdr\u00e4ngen wir, <a href=\"https:\/\/www.geo.de\/wissen\/gesundheit\/18160-rtkl-kognitive-dissonanz-warum-wir-uns-so-leicht-selbst-betruegen\">bel\u00fcgen uns selbst,<\/a> da wir die unangenehme Spannung, das Widerspr\u00fcchliche nicht aushalten, nicht nebeneinander da sein lassen k\u00f6nnen. <br>Die Welt soll bitte klar, \u00fcberschaubar, planbar, kontrollierbar und einfach sein! <br>Paradoxerweise &#8211; ohne den Widerspruch wahrzunehmen &#8211; w\u00fcnschen sich viele, alle Freiheiten zu genie\u00dfen (wie ein Kind und ewig jung) und zwar im Schutz (und in Abh\u00e4ngigkeit von) einer starken Elternfigur, die alles richtet. In der politischen Landschaft allerdings sind solche starken F\u00fchrer oft problematisch. Denn die Diktatoren dieser Welt sind in der Regel traumatisierte Kinder, die letztlich ihr Trauma in den h\u00f6chsten politischen \u00c4mtern re-inszenieren und viel Ungl\u00fcck und Unfreiheit \u00fcber die Menschen bringen.<br>Und auch die Vorstellung &#8222;allein&#8220;, also nationalstaatlich, k\u00f6nnten wir es besser haben, kann nur eine Illusion sein, da alles mit allem zusammenh\u00e4ngt und wir als Spezies nur gemeinsam die Chance haben, \u00fcber eine l\u00e4ngere Zeit auf dem Planeten vorzukommen. Die Dinosaurier schafften es <strong>180 Mio. Jahre.<\/strong><br>Die ersten menschen\u00e4hnlichen Wesen lebten vor <strong>4,2 Millionen Jahren<\/strong>.<\/p>\n\n\n\n<p>Alternativ zu Modellen der Abh\u00e4ngigkeit und Folgsamkeit m\u00fcsste (erwachsen, informiert) Eigenverantwortung \u00fcbernommen werden und Entscheidungen zu Kooperation selbst verantwortet werden.<br>Demokratie ist eine der m\u00f6glichen L\u00f6sungen, f\u00fcr die wir uns stark machen sollten, die wir vor Ort und im gr\u00f6\u00dferen Zusammenhang als gewaltfreie Kommunikation ein\u00fcben k\u00f6nnten.<\/p>\n\n\n\n<p>Angesichts des aktuell besonders in den Fokus ger\u00fcckten Risikos, an einer Infektion zu erkranken oder gar zu sterben, scheint es derzeit nichts anderes Schreckliches zu geben, als <a href=\"https:\/\/de.wikipedia.org\/wiki\/Viren\">Viren<\/a>. <br>Die aber gibt es seit Jahrmillionen und wir haben als Spezies gelernt, damit zu leben. So wird es auch mit dem neu menschenpathogen wirksamen Corona-Virus sein. Er wird nicht aus der Welt verschwinden. Impfstoffe werden uns bedingt sch\u00fctzen; aber wir werden lernen m\u00fcssen, mit diesem Risiko zu leben, so wie mit vielen anderen auch. Denn am Ende ist das Leben eben eine todbringende Daseinsweise.<\/p>\n\n\n\n<p>Den <a href=\"https:\/\/de.wikipedia.org\/wiki\/Kernwaffentest\">Atomirrsin <\/a>jedoch haben wir selbst geschaffen, der erste milit\u00e4rische Einsatz ist erst 75 Jahre her! <br>Hier liegt es in unserer Hand, ob wir da weitermachen wollen oder ob wir einen humaneren Weg finden, zusammen miteinander auszukommen.<\/p>\n\n\n\n<p class=\"has-text-align-center\"><strong>Wir sollten nicht vergessen!<\/strong><br>Denn, <strong>wer seine Geschichte nicht kennt, ist gezwungen vieles zu Wiederholen.<\/strong><\/p>\n","protected":false},"excerpt":{"rendered":"<p>Verdursten, so sagt man, ist ein schreckliches, schmerzhaftes Erleben.Wenn kein Wasser vom Himmel f\u00e4llt, fehlt den Lebewesen ein existentielles Lebenselexier. Wenn das Trinkwasser vergiftet ist, auch. Und es ist ein langsamer Tod. Vor jetzt genau 40 Jahren habe ich dieses B\u00fcchlein in Hiroschima gekauft, nicht wissend, was ich damit einmal tun kann, wem ich das &hellip; <\/p>\n<p class=\"link-more\"><a href=\"https:\/\/geschichte.bibibo.info\/?p=816\" class=\"more-link\">Mehr <span class=\"screen-reader-text\">\u00fcber &#8222;&#8222;Ein schrecklicher Tag&#8220; &#8211; Erinnerungen und Gedanken&#8220; <\/span>Lesen<\/a><\/p>\n","protected":false},"author":2,"featured_media":0,"comment_status":"open","ping_status":"closed","sticky":false,"template":"","format":"standard","meta":{"footnotes":""},"categories":[26],"tags":[27,28,30,29],"class_list":["post-816","post","type-post","status-publish","format-standard","hentry","category-geht-uns-alle-an","tag-atombombe","tag-hiroshima","tag-reaktorunfaelle","tag-reiseerinnerung"],"_links":{"self":[{"href":"https:\/\/geschichte.bibibo.info\/index.php?rest_route=\/wp\/v2\/posts\/816","targetHints":{"allow":["GET"]}}],"collection":[{"href":"https:\/\/geschichte.bibibo.info\/index.php?rest_route=\/wp\/v2\/posts"}],"about":[{"href":"https:\/\/geschichte.bibibo.info\/index.php?rest_route=\/wp\/v2\/types\/post"}],"author":[{"embeddable":true,"href":"https:\/\/geschichte.bibibo.info\/index.php?rest_route=\/wp\/v2\/users\/2"}],"replies":[{"embeddable":true,"href":"https:\/\/geschichte.bibibo.info\/index.php?rest_route=%2Fwp%2Fv2%2Fcomments&post=816"}],"version-history":[{"count":10,"href":"https:\/\/geschichte.bibibo.info\/index.php?rest_route=\/wp\/v2\/posts\/816\/revisions"}],"predecessor-version":[{"id":856,"href":"https:\/\/geschichte.bibibo.info\/index.php?rest_route=\/wp\/v2\/posts\/816\/revisions\/856"}],"wp:attachment":[{"href":"https:\/\/geschichte.bibibo.info\/index.php?rest_route=%2Fwp%2Fv2%2Fmedia&parent=816"}],"wp:term":[{"taxonomy":"category","embeddable":true,"href":"https:\/\/geschichte.bibibo.info\/index.php?rest_route=%2Fwp%2Fv2%2Fcategories&post=816"},{"taxonomy":"post_tag","embeddable":true,"href":"https:\/\/geschichte.bibibo.info\/index.php?rest_route=%2Fwp%2Fv2%2Ftags&post=816"}],"curies":[{"name":"wp","href":"https:\/\/api.w.org\/{rel}","templated":true}]}}