{"id":765,"date":"2020-07-11T10:25:44","date_gmt":"2020-07-11T10:25:44","guid":{"rendered":"http:\/\/geschichte.bibibo.info\/?p=765"},"modified":"2025-10-19T09:52:47","modified_gmt":"2025-10-19T07:52:47","slug":"auf-den-spuren-unserer-vorfahren","status":"publish","type":"post","link":"https:\/\/geschichte.bibibo.info\/?p=765","title":{"rendered":"Auf den Spuren unserer Vorfahren"},"content":{"rendered":"\n<h4 class=\"wp-block-heading\"><strong>Wandervorschlag von Ernst D\u00f6pfer, Biebertal-Fellingshausen<\/strong><\/h4>\n\n\n\n<figure class=\"wp-block-image size-large\"><img loading=\"lazy\" decoding=\"async\" width=\"950\" height=\"600\" src=\"https:\/\/geschichte.bibibo.info\/wp-content\/uploads\/2020\/07\/image-2.png\" alt=\"\" class=\"wp-image-768\" srcset=\"https:\/\/geschichte.bibibo.info\/wp-content\/uploads\/2020\/07\/image-2.png 950w, https:\/\/geschichte.bibibo.info\/wp-content\/uploads\/2020\/07\/image-2-300x189.png 300w, https:\/\/geschichte.bibibo.info\/wp-content\/uploads\/2020\/07\/image-2-768x485.png 768w\" sizes=\"auto, (max-width: 950px) 100vw, 950px\" \/><figcaption class=\"wp-element-caption\"><strong>Eine heimatkundliche Rundwanderung entlang historischer Grenzen<\/strong><br><\/figcaption><\/figure>\n\n\n\n<div class=\"wp-block-columns is-layout-flex wp-container-core-columns-is-layout-28f84493 wp-block-columns-is-layout-flex\">\n<div class=\"wp-block-column is-layout-flow wp-block-column-is-layout-flow\">\n<figure class=\"wp-block-image aligncenter size-large is-resized\"><img loading=\"lazy\" decoding=\"async\" width=\"576\" height=\"1024\" src=\"https:\/\/geschichte.bibibo.info\/wp-content\/uploads\/2020\/07\/20200730_094511-576x1024.jpg\" alt=\"\" class=\"wp-image-801\" style=\"width:132px;height:235px\" srcset=\"https:\/\/geschichte.bibibo.info\/wp-content\/uploads\/2020\/07\/20200730_094511-576x1024.jpg 576w, https:\/\/geschichte.bibibo.info\/wp-content\/uploads\/2020\/07\/20200730_094511-169x300.jpg 169w, https:\/\/geschichte.bibibo.info\/wp-content\/uploads\/2020\/07\/20200730_094511-864x1536.jpg 864w, https:\/\/geschichte.bibibo.info\/wp-content\/uploads\/2020\/07\/20200730_094511-1152x2048.jpg 1152w, https:\/\/geschichte.bibibo.info\/wp-content\/uploads\/2020\/07\/20200730_094511-scaled.jpg 1440w\" sizes=\"auto, (max-width: 576px) 100vw, 576px\" \/><\/figure>\n<\/div>\n\n\n\n<div class=\"wp-block-column is-layout-flow wp-block-column-is-layout-flow\">\n<figure class=\"wp-block-image size-large is-resized\"><img loading=\"lazy\" decoding=\"async\" width=\"1024\" height=\"576\" src=\"https:\/\/geschichte.bibibo.info\/wp-content\/uploads\/2020\/07\/20200730_094415-1024x576.jpg\" alt=\"\" class=\"wp-image-802\" style=\"width:411px;height:231px\" srcset=\"https:\/\/geschichte.bibibo.info\/wp-content\/uploads\/2020\/07\/20200730_094415-1024x576.jpg 1024w, https:\/\/geschichte.bibibo.info\/wp-content\/uploads\/2020\/07\/20200730_094415-300x169.jpg 300w, https:\/\/geschichte.bibibo.info\/wp-content\/uploads\/2020\/07\/20200730_094415-768x432.jpg 768w, https:\/\/geschichte.bibibo.info\/wp-content\/uploads\/2020\/07\/20200730_094415-1536x864.jpg 1536w, https:\/\/geschichte.bibibo.info\/wp-content\/uploads\/2020\/07\/20200730_094415-2048x1152.jpg 2048w\" sizes=\"auto, (max-width: 1024px) 100vw, 1024px\" \/><\/figure>\n<\/div>\n<\/div>\n\n\n\n<p>Beginn und Ende der Wanderung ist der <strong>Parkplatz <\/strong>neben dem <strong><a href=\"https:\/\/www.hotelamkeltentor.de\/\">Hotel-Restaurant &#8222;le Chalet&#8220;.<\/a> <\/strong> (Das Le Chalet hat aktuell -Anfang April 2021 &#8211; wieder geschlossen, in \u00e4lteren Karten ist es als Hotel Keltentor eingetragen)<br><strong>An der Kreisstra\u00dfe 353<\/strong>, die die Ortsteile Fellingshausen und Bieber verbindet, folgen Sie der Beschilderung zum Parkplatz bergan. Man findet sie auf der dem <strong>D\u00fcnsberg <\/strong>zugewandten Seite.<\/p>\n\n\n\n<div class=\"wp-block-columns is-layout-flex wp-container-core-columns-is-layout-28f84493 wp-block-columns-is-layout-flex\">\n<div class=\"wp-block-column is-layout-flow wp-block-column-is-layout-flow\">\n<figure class=\"wp-block-image aligncenter size-large\"><img loading=\"lazy\" decoding=\"async\" width=\"168\" height=\"201\" src=\"https:\/\/geschichte.bibibo.info\/wp-content\/uploads\/2020\/07\/Grube-Friedberg-Eingang-wikipedia.png\" alt=\"\" class=\"wp-image-790\"\/><figcaption class=\"wp-element-caption\">Grube Friedberg (nachgebauer Stolleneingang)<\/figcaption><\/figure>\n<\/div>\n\n\n\n<div class=\"wp-block-column is-layout-flow wp-block-column-is-layout-flow\">\n<p>Im Fichtenw\u00e4ldchen neben dem Parkplatz sieht der Wanderer die Reste der ehemaligen F\u00f6rderst\u00e4tte der <strong><a href=\"https:\/\/www.industriekultur-mittelhessen.de\/orte-und-objekte\/biebertal\/fellingshausen-grube-friedberg\/\">Grube Friedberg<\/a><\/strong>, in der bis in die 1960er Jahre Brauneisen und Manganerz abgebaut wurde. Hinweisschilder an den B\u00e4umen informieren \u00fcber den <strong>Biebertaler-Bergbau<\/strong>. Interessierte finden, wenn Sie den Weg unterhalb des Hotels ein St\u00fcck Richtung Osten gehen, weitere Tafeln zum Thema Bergbau.<\/p>\n<\/div>\n<\/div>\n\n\n\n<div class=\"wp-block-columns is-layout-flex wp-container-core-columns-is-layout-28f84493 wp-block-columns-is-layout-flex\">\n<div class=\"wp-block-column is-layout-flow wp-block-column-is-layout-flow\" style=\"flex-basis:66.66%\">\n<p>In Richtung Westen finden die Wanderfreudigen am Fichtenw\u00e4ldchen die Beschilderung des <strong><a href=\"http:\/\/www.gleiberger-land.de\/fileadmin\/Dateien\/fit_u_aktiv\/pdf\/Flyer-KRP-2016-0810.pdf\">Kelten-R\u00f6mer-Pfades<\/a><\/strong>:<\/p>\n\n\n\n<p>Auf dem gut markierten KR-Pfad geht es durch den Wiesengrund zum &#8222;Heegstrauch&#8220;. Ein kurzes St\u00fcck bevor dieses Waldst\u00fcck erreicht wird, muss die <strong>Kreisstra\u00dfe 24<\/strong> zwischen Biebertal-Fellingshausen und Biebertal-Rodheim-Bieber \u00fcberquert werden. Wenigie Schritte weiter steht man vor dem <strong><a href=\"https:\/\/www.lkgi.de\/umwelt-bauen-und-entsorgung\/naturschutz\/457-naturdenkmale\/1159-nd42-toteneiche\">Naturdenkmal &#8222;Toteneiche&#8220;.<\/a><\/strong><\/p>\n\n\n\n<figure class=\"wp-block-image size-large\"><img loading=\"lazy\" decoding=\"async\" width=\"1024\" height=\"576\" src=\"https:\/\/geschichte.bibibo.info\/wp-content\/uploads\/2020\/07\/20200622_111802-1024x576.jpg\" alt=\"Dieses Bild hat ein leeres Alt-Attribut. Der Dateiname ist image-4.png\" class=\"wp-image-788\" srcset=\"https:\/\/geschichte.bibibo.info\/wp-content\/uploads\/2020\/07\/20200622_111802-1024x576.jpg 1024w, https:\/\/geschichte.bibibo.info\/wp-content\/uploads\/2020\/07\/20200622_111802-300x169.jpg 300w, https:\/\/geschichte.bibibo.info\/wp-content\/uploads\/2020\/07\/20200622_111802-768x432.jpg 768w, https:\/\/geschichte.bibibo.info\/wp-content\/uploads\/2020\/07\/20200622_111802-1536x864.jpg 1536w, https:\/\/geschichte.bibibo.info\/wp-content\/uploads\/2020\/07\/20200622_111802-2048x1152.jpg 2048w\" sizes=\"auto, (max-width: 1024px) 100vw, 1024px\" \/><figcaption class=\"wp-element-caption\"><a href=\"https:\/\/fellingshausen.biebertaler-bilderbogen.de\/sehenswuerdigkeiten\/\"><strong>mehr dazu auf unserer Fellingshausen-Seite<\/strong><\/a><\/figcaption><\/figure>\n\n\n\n<p>Nach Frank Reif gab es ab 1819 in Fellingshausen einen Friedhof. Es gab aber immer wieder Auseinandersetzungen mit Pastoren, die keine Lust hatten, sich auf den Weg nach Fellingshausen zu machen. Daher lie\u00dfen sie sich die Trauerfeiern dort ziemlich teuer bezahlen. M\u00f6glicherweise aus gleichem Grund waren Beisetzungen in Fellingshausen nur bei Extremwetterlagen gestattet. (Im Biebertaler Archiv soll es einen Briefwechsel zwischen dem B\u00fcrgermeister und einem besonders renitenten Pfarrer geben.) <\/p>\n\n\n\n<p style=\"font-size:12px\"><strong>Quelle: Frank Reif: Fellingshausen, 3. Aufl. 2000, Eigenverlag)<\/strong><\/p>\n<\/div>\n\n\n\n<div class=\"wp-block-column is-layout-flow wp-block-column-is-layout-flow\" style=\"flex-basis:33.33%\">\n<figure class=\"wp-block-image aligncenter\"><a href=\"https:\/\/www.giessen.de\/PDF\/Er%C3%B6ffnung_Wanderwege_Umfangreiche_Tourenbeschreibung.PDF?ObjSvrID=684&amp;ObjID=9028&amp;ObjLa=1&amp;Ext=PDF&amp;WTR=1&amp;_ts=134788447\"><img decoding=\"async\" src=\"https:\/\/geschichte.bibibo.info\/wp-content\/uploads\/2020\/07\/image-3.png\" alt=\"Dieses Bild hat ein leeres Alt-Attribut. Der Dateiname ist image-3.png\"\/><\/a><figcaption class=\"wp-element-caption\"><a href=\"https:\/\/www.giessen.de\/PDF\/Er%C3%B6ffnung_Wanderwege_Umfangreiche_Tourenbeschreibung.PDF?ObjSvrID=684&amp;ObjID=9028&amp;ObjLa=1&amp;Ext=PDF&amp;WTR=1&amp;_ts=134788447\">Tourbeschreibung<\/a><\/figcaption><\/figure>\n\n\n\n<hr class=\"wp-block-separator has-css-opacity\"\/>\n\n\n\n<p>Um die Bedeutung des Namens &#8222;<strong>Toteneiche<\/strong>&#8220; finden sich in den Heimatb\u00fcchern verschiedene Erkl\u00e4rungen. Die offizielle Version steht auf einer vom <a href=\"https:\/\/vhc-gesamtverein.de\/\"><strong>VHC <\/strong><\/a>(Vogelsberger H\u00f6hen Club) organisierten Tafel:<br>&#8222;Bis etwa zum Jahr 1710 mussten die Toten von Fellingshausen nach Rodheim getragen werden, um dort ihre letzte Ruhe zu finden.<br>Wie schriftlich und m\u00fcndlich \u00fcberliefert ist, bewegte sich der Trauerzug auf dem Weg \u00fcber den Bauroth bis zur Eiche. Hier wurde eine Rast eingelegt und die Leichentr\u00e4ger wechselten, bevor es auf geradem Weg weiter zum Rodheimer Kirchhof ging.&#8220;<br>Andere Quellen geben den Hinweis, dass zum Transport der Leichen besondere T\u00fccher mit speziellen Griffen verwendet wurden.<\/p>\n<\/div>\n<\/div>\n\n\n\n<p>Aufgrund ihres Umfanges von 408 cm d\u00fcrfte die Toteneiche ca. 350 Jahre alt sein. 1710 w\u00e4hre sie damit ein noch kleiner Baum gewesen. Jedenfalls ist die &#8222;Toteneiche&#8220; ab 1775 im Gemeindearchiv belegt. <br>In der Umgegend gibt es viele <strong><a href=\"https:\/\/de.wikipedia.org\/wiki\/Traubeneiche\" target=\"_blank\" rel=\"noreferrer noopener\">Traubeneichen<\/a><\/strong>, die Toteneiche aber ist eine <strong><a href=\"https:\/\/de.wikipedia.org\/wiki\/Stieleiche\" target=\"_blank\" rel=\"noreferrer noopener\">Stiel-Eiche <\/a><\/strong>(Quercus robur)<\/p>\n\n\n\n<p>Gegen\u00fcber dem Naturdenkmal am Waldrand ist dann ein im Jahr 2014 angelegter <strong><a href=\"file:\/\/\/C:\/Users\/Alfon\/AppData\/Local\/Temp\/Grenzmale%20im%20Gleiberger%20Land.pdf\">Grenzsteingarten<\/a><\/strong>. <\/p>\n\n\n\n<p>An dieser Stelle wird der Kelten-R\u00f6mer-Pfad verlassen. Unsere Wanderung geht nicht rechts ab, sondern geradeaus weiter \u00fcber den befestigten Waldweg. <br>An der n\u00e4chsten (zugegeben versetzten) Wegkreuzung geht es auf dem befestigten Weg erst nach links, um dann doch (quasi geradeaus, aber letztlich) eben nach rechts auf den unbefestigten Weg bergab zum Hammersbachtal. <\/p>\n\n\n\n<div class=\"wp-block-columns is-layout-flex wp-container-core-columns-is-layout-28f84493 wp-block-columns-is-layout-flex\">\n<div class=\"wp-block-column is-layout-flow wp-block-column-is-layout-flow\">\n<figure class=\"wp-block-image size-large\"><img loading=\"lazy\" decoding=\"async\" width=\"1024\" height=\"576\" src=\"https:\/\/geschichte.bibibo.info\/wp-content\/uploads\/2020\/07\/20200729_093511-1-1024x576.jpg\" alt=\"\" class=\"wp-image-792\" srcset=\"https:\/\/geschichte.bibibo.info\/wp-content\/uploads\/2020\/07\/20200729_093511-1-1024x576.jpg 1024w, https:\/\/geschichte.bibibo.info\/wp-content\/uploads\/2020\/07\/20200729_093511-1-300x169.jpg 300w, https:\/\/geschichte.bibibo.info\/wp-content\/uploads\/2020\/07\/20200729_093511-1-768x432.jpg 768w, https:\/\/geschichte.bibibo.info\/wp-content\/uploads\/2020\/07\/20200729_093511-1-1536x864.jpg 1536w, https:\/\/geschichte.bibibo.info\/wp-content\/uploads\/2020\/07\/20200729_093511-1-2048x1152.jpg 2048w\" sizes=\"auto, (max-width: 1024px) 100vw, 1024px\" \/><figcaption class=\"wp-element-caption\">Weg bergab Richtung Hammersbachtal<\/figcaption><\/figure>\n<\/div>\n\n\n\n<div class=\"wp-block-column is-layout-flow wp-block-column-is-layout-flow\">\n<figure class=\"wp-block-image size-large\"><img loading=\"lazy\" decoding=\"async\" width=\"1024\" height=\"576\" src=\"https:\/\/geschichte.bibibo.info\/wp-content\/uploads\/2020\/07\/20200729_093947-1024x576.jpg\" alt=\"\" class=\"wp-image-793\" srcset=\"https:\/\/geschichte.bibibo.info\/wp-content\/uploads\/2020\/07\/20200729_093947-1024x576.jpg 1024w, https:\/\/geschichte.bibibo.info\/wp-content\/uploads\/2020\/07\/20200729_093947-300x169.jpg 300w, https:\/\/geschichte.bibibo.info\/wp-content\/uploads\/2020\/07\/20200729_093947-768x432.jpg 768w, https:\/\/geschichte.bibibo.info\/wp-content\/uploads\/2020\/07\/20200729_093947-1536x864.jpg 1536w, https:\/\/geschichte.bibibo.info\/wp-content\/uploads\/2020\/07\/20200729_093947-2048x1152.jpg 2048w\" sizes=\"auto, (max-width: 1024px) 100vw, 1024px\" \/><figcaption class=\"wp-element-caption\">Jagdh\u00fctte am Weg<\/figcaption><\/figure>\n<\/div>\n<\/div>\n\n\n\n<p><br>Noch vor einer Jagdh\u00fctte, wenn man nach rechts \u00fcber die Wiese in ein Geb\u00fcsch steigt, findet sich dort die <strong>historische Grenzmarke der Landgrafenzeit aus 1776.<\/strong><br>Folgt man dem Weg ins Tal und dann dem Feldweg nach rechts (Richtung Vetzburg), l\u00e4sst sich dann in der N\u00e4he des Hammerbachs, mitten auf einer Wiese am Wegrand, ein <strong>Dreim\u00e4rker <\/strong>deutlich leichter finden.<\/p>\n\n\n\n<figure class=\"wp-block-image size-large\"><img loading=\"lazy\" decoding=\"async\" width=\"823\" height=\"351\" src=\"https:\/\/geschichte.bibibo.info\/wp-content\/uploads\/2020\/07\/image-9.png\" alt=\"\" class=\"wp-image-795\" srcset=\"https:\/\/geschichte.bibibo.info\/wp-content\/uploads\/2020\/07\/image-9.png 823w, https:\/\/geschichte.bibibo.info\/wp-content\/uploads\/2020\/07\/image-9-300x128.png 300w, https:\/\/geschichte.bibibo.info\/wp-content\/uploads\/2020\/07\/image-9-768x328.png 768w\" sizes=\"auto, (max-width: 823px) 100vw, 823px\" \/><figcaption class=\"wp-element-caption\">!Der Dreim\u00e4rker mitten auf der Wiese<br>auf H\u00f6he des Anfangs ! im Text<\/figcaption><\/figure>\n\n\n\n<div class=\"wp-block-columns is-layout-flex wp-container-core-columns-is-layout-28f84493 wp-block-columns-is-layout-flex\">\n<div class=\"wp-block-column is-layout-flow wp-block-column-is-layout-flow\">\n<figure class=\"wp-block-image aligncenter size-large is-resized\"><img loading=\"lazy\" decoding=\"async\" width=\"576\" height=\"1024\" src=\"https:\/\/geschichte.bibibo.info\/wp-content\/uploads\/2020\/07\/20200729_095017-576x1024.jpg\" alt=\"\" class=\"wp-image-796\" style=\"width:262px;height:466px\" srcset=\"https:\/\/geschichte.bibibo.info\/wp-content\/uploads\/2020\/07\/20200729_095017-576x1024.jpg 576w, https:\/\/geschichte.bibibo.info\/wp-content\/uploads\/2020\/07\/20200729_095017-169x300.jpg 169w, https:\/\/geschichte.bibibo.info\/wp-content\/uploads\/2020\/07\/20200729_095017-864x1536.jpg 864w, https:\/\/geschichte.bibibo.info\/wp-content\/uploads\/2020\/07\/20200729_095017-1152x2048.jpg 1152w, https:\/\/geschichte.bibibo.info\/wp-content\/uploads\/2020\/07\/20200729_095017-scaled.jpg 1440w\" sizes=\"auto, (max-width: 576px) 100vw, 576px\" \/><\/figure>\n\n\n\n<p class=\"has-text-align-center\">Von diesem kurzen Abstecher zum &#8222;Dreim\u00e4rker&#8220; geht es zur\u00fcck Richtung Norden; in die entgegensetzte Himmelsrichtung. <\/p>\n<\/div>\n\n\n\n<div class=\"wp-block-column is-layout-flow wp-block-column-is-layout-flow\">\n<figure class=\"wp-block-image aligncenter size-large is-resized\"><img loading=\"lazy\" decoding=\"async\" width=\"576\" height=\"1024\" src=\"https:\/\/geschichte.bibibo.info\/wp-content\/uploads\/2020\/07\/20200729_095030-576x1024.jpg\" alt=\"\" class=\"wp-image-797\" style=\"width:262px;height:466px\" srcset=\"https:\/\/geschichte.bibibo.info\/wp-content\/uploads\/2020\/07\/20200729_095030-576x1024.jpg 576w, https:\/\/geschichte.bibibo.info\/wp-content\/uploads\/2020\/07\/20200729_095030-169x300.jpg 169w, https:\/\/geschichte.bibibo.info\/wp-content\/uploads\/2020\/07\/20200729_095030-864x1536.jpg 864w, https:\/\/geschichte.bibibo.info\/wp-content\/uploads\/2020\/07\/20200729_095030-1152x2048.jpg 1152w, https:\/\/geschichte.bibibo.info\/wp-content\/uploads\/2020\/07\/20200729_095030-scaled.jpg 1440w\" sizes=\"auto, (max-width: 576px) 100vw, 576px\" \/><figcaption class=\"wp-element-caption\">Fotos: Lindemann<\/figcaption><\/figure>\n\n\n\n<p class=\"has-text-align-center\">Dort am Weg, ein weiterer Stein.<\/p>\n<\/div>\n<\/div>\n\n\n\n<div class=\"wp-block-columns is-layout-flex wp-container-core-columns-is-layout-28f84493 wp-block-columns-is-layout-flex\">\n<div class=\"wp-block-column is-layout-flow wp-block-column-is-layout-flow\">\n<figure class=\"wp-block-image aligncenter size-large\"><img loading=\"lazy\" decoding=\"async\" width=\"240\" height=\"362\" src=\"https:\/\/geschichte.bibibo.info\/wp-content\/uploads\/2020\/07\/image-5.png\" alt=\"\" class=\"wp-image-771\" srcset=\"https:\/\/geschichte.bibibo.info\/wp-content\/uploads\/2020\/07\/image-5.png 240w, https:\/\/geschichte.bibibo.info\/wp-content\/uploads\/2020\/07\/image-5-199x300.png 199w\" sizes=\"auto, (max-width: 240px) 100vw, 240px\" \/><\/figure>\n\n\n\n<p><\/p>\n<\/div>\n\n\n\n<div class=\"wp-block-column is-layout-flow wp-block-column-is-layout-flow\">\n<figure class=\"wp-block-image aligncenter size-large is-resized\"><img loading=\"lazy\" decoding=\"async\" width=\"389\" height=\"674\" src=\"https:\/\/geschichte.bibibo.info\/wp-content\/uploads\/2020\/07\/image-6.png\" alt=\"\" class=\"wp-image-772\" style=\"width:215px;height:372px\" srcset=\"https:\/\/geschichte.bibibo.info\/wp-content\/uploads\/2020\/07\/image-6.png 389w, https:\/\/geschichte.bibibo.info\/wp-content\/uploads\/2020\/07\/image-6-173x300.png 173w\" sizes=\"auto, (max-width: 389px) 100vw, 389px\" \/><\/figure>\n<\/div>\n<\/div>\n\n\n\n<p>Die eingemei\u00dfelten Initialen sind GH (Gro\u00dfherzogtum Hessen), FLH \/ RDH (Fellingshausen \/ Rodheim). Auf der R\u00fcckseite KP (K\u00f6nigreich Preussen) und KFD (Krofdorf). Es ist ein ehemaliger Landesgrenzstein an drei Gemarkungen.  <br>Folgt man dem Feldweg, weg aus dem Hammersbachtal bergan Richtung Wald, l\u00e4uft man bald am Waldrand entlang. <\/p>\n\n\n\n<div class=\"wp-block-columns is-layout-flex wp-container-core-columns-is-layout-28f84493 wp-block-columns-is-layout-flex\">\n<div class=\"wp-block-column is-layout-flow wp-block-column-is-layout-flow\">\n<p>Dort findet der suchende Blick den alten Hohlweg des Handelsweges Gie\u00dfen &#8211; Westfalen (<a href=\"https:\/\/de.wikipedia.org\/wiki\/Westfalenweg\">Westfalenweg<\/a>).<\/p>\n<\/div>\n\n\n\n<div class=\"wp-block-column is-layout-flow wp-block-column-is-layout-flow\">\n<figure class=\"wp-block-image size-large\"><img loading=\"lazy\" decoding=\"async\" width=\"677\" height=\"389\" src=\"https:\/\/geschichte.bibibo.info\/wp-content\/uploads\/2020\/07\/image-10.png\" alt=\"\" class=\"wp-image-798\" srcset=\"https:\/\/geschichte.bibibo.info\/wp-content\/uploads\/2020\/07\/image-10.png 677w, https:\/\/geschichte.bibibo.info\/wp-content\/uploads\/2020\/07\/image-10-300x172.png 300w\" sizes=\"auto, (max-width: 677px) 100vw, 677px\" \/><figcaption class=\"wp-element-caption\">Foto: D\u00f6pfer<\/figcaption><\/figure>\n<\/div>\n<\/div>\n\n\n\n<p>Diese Hohlwege im Wald sind durch die R\u00e4der der schwer beladenden Kutschen und Wagen entstanden, die den weichen Waldboden zur Seite verdr\u00e4ngt haben. Das heutige Aussehen haben die Spuren infolge von Erosion und Regen.<br>Bei n\u00e4chster Gelegenheit geht es zur\u00fcck ins Tal, um die <strong>stark befahrene<\/strong> <strong>Landesstra\u00dfe L 3047 <\/strong>zu \u00fcberqueren. <br>Dem Weg neben der Landesstra\u00dfe folgend befindet man sich nun auf der ehemaligen Grenze des Gro\u00dfherzogtums Hessen und des K\u00f6nigreichs Preu\u00dfen. Dort finden sich, zum Teil in kurzen Abst\u00e4nden, die historischen Grenzsteine der ehemaligen Landesgrenze. Unter anderem steht dort ein bemerkenswerter &#8222;Dreim\u00e4rker&#8220; mit den Initialen GBF (Gleiberger Forst). Denn diese Gemarkung hat es nie gegeben. Der Stein weist aber auf sogenannte &#8222;Buchungsfreie Grundst\u00fccke&#8220; hin. <br>(Nach \u00a7 3 Abs. 1 GBO erh\u00e4lt jedes Grundst\u00fcck im Grundbuch ein Grundbuchblatt. Ausnahme sind nach \u00a7 3 Abs. 2 GBO die \u201e<strong>buchungsfreien Grundst\u00fccke<\/strong>\u201c, die dem Bund, den L\u00e4ndern, den Gemeinden und anderen Kommunalverb\u00e4nden geh\u00f6ren (\u00f6ffentliche Grundst\u00fccke). Quelle: <a href=\"https:\/\/de.wikipedia.org\/wiki\/Grundst%C3%BCck\">wikipedia<\/a><\/p>\n\n\n\n<p>Fast am n\u00f6rdlichsten Punkt des Rundwanderweges steht ein vom Zerfall bedrohtes Pumpenhaus, das im Jahr 1938 zur Versorgung der Einwohner von Fellingshausen mit Trinkwasser gebaut wurde.<br>Ein Stuck weiter des Weges kommt man \u00fcber eine Wiese an das &#8222;<strong>Krumbacher Kreuz<\/strong>&#8220; (die Abzweigung der Stra\u00dfe zum Ortsteil Krumbach), an dem die <strong>L3047 <\/strong>wieder \u00fcberquert werden muss. Auch hier wieder ist <strong>Vorsicht <\/strong>wegen des zum Teil schnellen Verkehrs angesagt.<\/p>\n\n\n\n<p>\u00dcber den Parkplatz kommt man zum <strong>Keltentor und<\/strong> <strong><a href=\"http:\/\/www.gleiberger-land.de\/fileadmin\/Dateien\/fit_u_aktiv\/pdf\/flyer_radelnwandern2010.pdf\">Keltengeh\u00f6ft <\/a><\/strong>(Nachbildung aus dem Jahr 2006).<\/p>\n\n\n\n<p>Hier m\u00fcssen sich die Wanderer entscheiden, ob sie auf dem 8 km Rundweg zur\u00fcck zum Ausgangspunkt gehen, oder ob sie einen Abstecher auf den mit 497,7 m \u00fc. NHN h\u00f6chsten Berg der Region machen wollen.<br>Damit w\u00fcrde sich die Wegstrecke um 5 km auf 13 km erh\u00f6hen. <br>F\u00fcr den <strong>R\u00fcckweg <\/strong>zum Hotel Am Keltentor wird empfohlen, wieder der Kelten-R\u00f6mer-Pfad-Beschilderung zu folgen.<\/p>\n\n\n\n<p>Auf dem Gipfel des <a href=\"https:\/\/de.wikipedia.org\/wiki\/D%C3%BCnsberg\"><strong>D\u00fcnsberges <\/strong><\/a>w\u00fcrde sie die <strong><a href=\"http:\/\/www.duensberg-verein.de\/raststaette.htm\">D\u00fcnsberg Rastst\u00e4tte<\/a><\/strong> (Aktuell ist es wegen der Corona-Krisen-Vorschriften &#8211; wichtig sich <strong>telefonisch <\/strong>anzumelden.) und eine Aussichtsturm mit herrlichem Weitblick \u00fcber die Region erwarten. <br>Zudem findet sich auf dem D\u00fcnsberg seit 2018 eine Nachbildung des <strong><a href=\"https:\/\/www.giessener-allgemeine.de\/hessen\/magisches-dreieck-landvermesser-11927659.html\">Trigonometrischen Punktes <\/a><\/strong> (<a href=\"https:\/\/www.giessener-allgemeine.de\/hessen\/magisches-dreieck-landvermesser-11927659.html\">TP-Pfeiler<\/a>). Denn der D\u00fcnsberg spielte bei der <a href=\"https:\/\/de.wikipedia.org\/wiki\/Die_Vermessung_der_Welt\">Vermessung der Welt <\/a>ein wichtige Rolle. Das Original des Messpunktes aus dem Jahr 1835 ist in der Turmkammer des Aussichtsturmes zu finden. Eine gro\u00dfe Hinweistafel gibt Informationen \u00fcber die Bedeutung des D\u00fcnsberges bei der Landvermessung.<br>Auf dem D\u00fcnsberg selbst sind u.a. die historischen <strong><a href=\"https:\/\/de.wikipedia.org\/wiki\/Ringwallanlage_D%C3%BCnsberg\">Ringw\u00e4lle der Kelten<\/a><\/strong> mit Hinweistafeln zu finden, ein sch\u00f6ner <strong><a href=\"https:\/\/www.ich-geh-wandern.de\/der-kunstweg-am-d%C3%BCnsberg\">Kunst-Weg<\/a><\/strong> und viele sch\u00f6ne Aussichten zu erhaschen; vielleicht sogar Einsichten beim Erklimmen des Berges oder beim Verlaufen im Wald, wenn man sich dem einen oder anderen Trampelpfad anvertraut.<\/p>\n\n\n\n<p>Quelle: Biebertaler Nachrichten Nr. 27, gleichnamiger Bericht von Herrn D\u00f6pfer, 3.7.2020<br>Erg\u00e4nzt durch eigene Eindr\u00fccke z.B. aus einer Wanderung mit Herrn D\u00f6pfer 2018 mit der Zukunftswerkstatt Biebertal.<\/p>\n","protected":false},"excerpt":{"rendered":"<p>Wandervorschlag von Ernst D\u00f6pfer, Biebertal-Fellingshausen Beginn und Ende der Wanderung ist der Parkplatz neben dem Hotel-Restaurant &#8222;le Chalet&#8220;. (Das Le Chalet hat aktuell -Anfang April 2021 &#8211; wieder geschlossen, in \u00e4lteren Karten ist es als Hotel Keltentor eingetragen)An der Kreisstra\u00dfe 353, die die Ortsteile Fellingshausen und Bieber verbindet, folgen Sie der Beschilderung zum Parkplatz bergan. &hellip; <\/p>\n<p class=\"link-more\"><a href=\"https:\/\/geschichte.bibibo.info\/?p=765\" class=\"more-link\">Mehr <span class=\"screen-reader-text\">\u00fcber &#8222;Auf den Spuren unserer Vorfahren&#8220; <\/span>Lesen<\/a><\/p>\n","protected":false},"author":2,"featured_media":0,"comment_status":"open","ping_status":"closed","sticky":false,"template":"","format":"standard","meta":{"footnotes":""},"categories":[6,16],"tags":[20,19,17,23,25,18,24,21,22],"class_list":["post-765","post","type-post","status-publish","format-standard","hentry","category-duensberg-und-kelten","category-historische-gebaeude","tag-dreimaerker","tag-duensberg","tag-grenzwanderung","tag-kelten-roemer-pfad","tag-mammutbaum","tag-sehenswuerdigkeiten","tag-toteneiche","tag-vermessung-der-welt","tag-westfalenweg"],"_links":{"self":[{"href":"https:\/\/geschichte.bibibo.info\/index.php?rest_route=\/wp\/v2\/posts\/765","targetHints":{"allow":["GET"]}}],"collection":[{"href":"https:\/\/geschichte.bibibo.info\/index.php?rest_route=\/wp\/v2\/posts"}],"about":[{"href":"https:\/\/geschichte.bibibo.info\/index.php?rest_route=\/wp\/v2\/types\/post"}],"author":[{"embeddable":true,"href":"https:\/\/geschichte.bibibo.info\/index.php?rest_route=\/wp\/v2\/users\/2"}],"replies":[{"embeddable":true,"href":"https:\/\/geschichte.bibibo.info\/index.php?rest_route=%2Fwp%2Fv2%2Fcomments&post=765"}],"version-history":[{"count":9,"href":"https:\/\/geschichte.bibibo.info\/index.php?rest_route=\/wp\/v2\/posts\/765\/revisions"}],"predecessor-version":[{"id":5307,"href":"https:\/\/geschichte.bibibo.info\/index.php?rest_route=\/wp\/v2\/posts\/765\/revisions\/5307"}],"wp:attachment":[{"href":"https:\/\/geschichte.bibibo.info\/index.php?rest_route=%2Fwp%2Fv2%2Fmedia&parent=765"}],"wp:term":[{"taxonomy":"category","embeddable":true,"href":"https:\/\/geschichte.bibibo.info\/index.php?rest_route=%2Fwp%2Fv2%2Fcategories&post=765"},{"taxonomy":"post_tag","embeddable":true,"href":"https:\/\/geschichte.bibibo.info\/index.php?rest_route=%2Fwp%2Fv2%2Ftags&post=765"}],"curies":[{"name":"wp","href":"https:\/\/api.w.org\/{rel}","templated":true}]}}