{"id":689,"date":"2020-06-30T14:47:04","date_gmt":"2020-06-30T14:47:04","guid":{"rendered":"http:\/\/geschichte.bibibo.info\/?p=689"},"modified":"2020-07-01T19:57:49","modified_gmt":"2020-07-01T19:57:49","slug":"30-jahre-sternschnuppe-neuanfang-mit-rueckblick","status":"publish","type":"post","link":"https:\/\/geschichte.bibibo.info\/?p=689","title":{"rendered":"30 Jahre &#8222;Sternschnuppe&#8220; &#8211; Neuanfang mit R\u00fcckblick"},"content":{"rendered":"\n<div class=\"wp-block-image\"><figure class=\"aligncenter is-resized\"><img loading=\"lazy\" decoding=\"async\" src=\"https:\/\/nachrichten.biebertaler-bilderbogen.de\/wp-content\/uploads\/2020\/06\/Lucas-mit-Baby.jpg\" alt=\"\" width=\"285\" height=\"382\"\/><figcaption>Foto: Lindemann<\/figcaption><\/figure><\/div>\n\n\n\n<p>So sieht heute eines der Kinder aus der ersten Generation der Sternschnuppe aus \u2013 nein nicht das Baby, das gro\u00dfe Kind dar\u00fcber! Bis heute hat sich bei ihm die Liebe zu den Kleinen gehalten. Die Kontakte zu den damaligen, pl\u00f6tzlich ins eigene Leben platzenden \u201eMitgeschwistern\u201c haben sich allerdings, wider meine Erwartungen, verloren. Gelegentlich sieht man sich auf der Rodheimer Kirmes. Die meisten aber, so mein Kenntnisstand, hat es in die weite Welt zerstreut. Sie sind erfolgreiche Menschen geworden.<\/p>\n\n\n\n<p>Damals in den Neunzigern gab es noch Papierfotos und die sind mittlerweile in irgendeinem Karton, warten auf ihre Wiederentdeckung. So habe ich mich zu einem aktuellen Foto entschlossen.<br>Angefangen hat die Sternschnuppe in der alten Zigarrenfabrik in Rodheim. Dort, wo heute das AWO-Heim steht. Doch bald mussten wir umziehen und uns die R\u00e4ume in der alten Schule in Rodheim selbst herrichten. Dankenswerterweise konnten wir die Gemeindevertreter dahingehend \u00fcberzeugen. Ich erinnere mich, wie ich damals (berufsfremd, aber handwerklich geschickt) das Bad gefliest habe. Andere haben geputzt, gemalert, geschreinert,was das Zeug hielt. Lange noch, nachdem wir schon den n\u00e4chsten Schritt gegangen waren, hingen noch die von meiner Mutter selbst geh\u00e4kelten Gardinen, ein Mann und eine Frau, vor den Fenstern.<br>Damals haben die Eltern selbst f\u00fcr die Kinder gekocht, die R\u00e4umlichkeiten sauber gehalten, sind auch mal selbst zur Betreuung eingesprungen oder haben im Garten der heutigen Sternschnuppe Sandkasten und Spielm\u00f6glichkeiten errichtet. Viele Besprechungen waren damals \u00fcblich, notwendig und gewollt.<\/p>\n\n\n\n<p>Wir meist arbeitenden oder noch studierenden Eltern \u2013 oft ohne Gro\u00dfeltern in der N\u00e4he \u2013 mussten uns eine L\u00f6sung einfallen lassen, eine Betreuung erfinden, die es damals so also gar nicht gab. Es war noch die Zeit der Kinderladenbewegung im Geist der Eltern zu sp\u00fcren: Wir wollten selbst f\u00fcr die Inhalte der ersten Schritte unserer Kinder verantwortlich sein, mitbestimmen. Und \u00fcberhaupt fing die Kinderbetreuung in den staatlichen oder kirchlichen Einrichtungen damals erst mit 3 Jahren an. Die Kinder mussten u.a. \u201esauber\u201c sein, um die \u201eKindergartenreife\u201c zu haben. Also organisierten wir uns, nahmen die Dinge selbst in die Hand, suchten uns selbst qualifizierte Betreuerinnen und R\u00e4umlichkeiten.<\/p>\n\n\n\n<p>Nach der Aufbauphase hat sich die Sternschnuppe konsolidiert und weiterentwickelt, Unter anderem kam eine Spielfl\u00e4che vor der Alten Schule hinzu ;und aktuell wird im Haus f\u00fcr eine weitere Gruppe Platz geschaffen, umgebaut. Inzwischen engagiert sich die Gemeinde deutlich mehr als damals. Nun nach 30 Jahren wurde der Stab der Verantwortung ganz an die Gemeinde abgegeben. Die Elterninitiative formte sich (siehe\u00a0<a href=\"https:\/\/www.giessener-anzeiger.de\/lokales\/kreis-giessen\/biebertal\/forderverein-fur-kita-sternschnuppe-gegrundet_21879572\" target=\"_blank\" rel=\"noreferrer noopener\">Bericht im Gie\u00dfener Anzeiger<\/a>) in einen F\u00f6rderverein um. Die staatlichen Auflagen waren im Laufe der Jahre immer mehr geworden, so dass sie als Eigenleistung der Eltern nicht mehr zu tragen waren.<\/p>\n\n\n\n<p>Nun \u2013 vielleicht f\u00fchlt sich hier der eine oder andere Elternteil oder gar ein \u201eSternschnuppenkind\u201c berufen eigene Erlebnisse aus seiner Zeit beizusteuern. Es w\u00fcrde uns vom Bilderbogen-Team freuen.<\/p>\n\n\n\n<p>Auch wenn wir uns damals niemals h\u00e4tten vorstellen k\u00f6nnen, der Gemeinde die Betreuung unserer Kinder anzuvertrauen, ist diese 30j\u00e4hrige Historie im Grund doch eine der sch\u00f6nen Erfolgsgeschichten aus der 50j\u00e4hrigen Geschichte der Gemeinde Biebertal!<br>Wir k\u00f6nnen stolz darauf sein, dass sich immer wieder engagierte Menschen finden, die bei uns etwas bewegen und gute Voraussetzungen daf\u00fcr schaffen, in Biebertal ein gutes Leben f\u00fchren zu k\u00f6nnen.<\/p>\n\n\n\n<p>Vielen Dank!<\/p>\n","protected":false},"excerpt":{"rendered":"<p>So sieht heute eines der Kinder aus der ersten Generation der Sternschnuppe aus \u2013 nein nicht das Baby, das gro\u00dfe Kind dar\u00fcber! Bis heute hat sich bei ihm die Liebe zu den Kleinen gehalten. Die Kontakte zu den damaligen, pl\u00f6tzlich ins eigene Leben platzenden \u201eMitgeschwistern\u201c haben sich allerdings, wider meine Erwartungen, verloren. Gelegentlich sieht man &hellip; <\/p>\n<p class=\"link-more\"><a href=\"https:\/\/geschichte.bibibo.info\/?p=689\" class=\"more-link\">Mehr <span class=\"screen-reader-text\">\u00fcber &#8222;30 Jahre &#8222;Sternschnuppe&#8220; &#8211; Neuanfang mit R\u00fcckblick&#8220; <\/span>Lesen<\/a><\/p>\n","protected":false},"author":2,"featured_media":0,"comment_status":"open","ping_status":"closed","sticky":false,"template":"","format":"standard","meta":{"footnotes":""},"categories":[11],"tags":[10,9,8],"class_list":["post-689","post","type-post","status-publish","format-standard","hentry","category-einwohner","tag-foerderverein","tag-kita","tag-sternschnuppe"],"_links":{"self":[{"href":"https:\/\/geschichte.bibibo.info\/index.php?rest_route=\/wp\/v2\/posts\/689","targetHints":{"allow":["GET"]}}],"collection":[{"href":"https:\/\/geschichte.bibibo.info\/index.php?rest_route=\/wp\/v2\/posts"}],"about":[{"href":"https:\/\/geschichte.bibibo.info\/index.php?rest_route=\/wp\/v2\/types\/post"}],"author":[{"embeddable":true,"href":"https:\/\/geschichte.bibibo.info\/index.php?rest_route=\/wp\/v2\/users\/2"}],"replies":[{"embeddable":true,"href":"https:\/\/geschichte.bibibo.info\/index.php?rest_route=%2Fwp%2Fv2%2Fcomments&post=689"}],"version-history":[{"count":4,"href":"https:\/\/geschichte.bibibo.info\/index.php?rest_route=\/wp\/v2\/posts\/689\/revisions"}],"predecessor-version":[{"id":701,"href":"https:\/\/geschichte.bibibo.info\/index.php?rest_route=\/wp\/v2\/posts\/689\/revisions\/701"}],"wp:attachment":[{"href":"https:\/\/geschichte.bibibo.info\/index.php?rest_route=%2Fwp%2Fv2%2Fmedia&parent=689"}],"wp:term":[{"taxonomy":"category","embeddable":true,"href":"https:\/\/geschichte.bibibo.info\/index.php?rest_route=%2Fwp%2Fv2%2Fcategories&post=689"},{"taxonomy":"post_tag","embeddable":true,"href":"https:\/\/geschichte.bibibo.info\/index.php?rest_route=%2Fwp%2Fv2%2Ftags&post=689"}],"curies":[{"name":"wp","href":"https:\/\/api.w.org\/{rel}","templated":true}]}}