{"id":5145,"date":"2023-08-09T19:00:00","date_gmt":"2023-08-09T19:00:00","guid":{"rendered":"http:\/\/geschichte.bibibo.info\/?p=5145"},"modified":"2023-08-11T08:30:10","modified_gmt":"2023-08-11T08:30:10","slug":"der-ukraine-krieg-schuert-aengste","status":"publish","type":"post","link":"https:\/\/geschichte.bibibo.info\/?p=5145","title":{"rendered":"Der Ukraine-Krieg sch\u00fcrt \u00c4ngste"},"content":{"rendered":"\n<h2 class=\"wp-block-heading\">Eindringliche Mahnung zur \u00c4chtung von Atomwaffen \u2013 August-Gedenktage an Opfer von Hiroshima und Nagasaki<\/h2>\n\n\n\n<div class=\"wp-block-image\"><figure class=\"aligncenter is-resized\"><img loading=\"lazy\" decoding=\"async\" src=\"https:\/\/nachrichten.biebertaler-bilderbogen.de\/wp-content\/uploads\/2023\/08\/HiroshimaGembakuDome6747-1024x683.jpg\" alt=\"\" class=\"wp-image-20817\" width=\"659\" height=\"439\"\/><figcaption><strong>Friedensdom in Hiroshima<\/strong>,&nbsp;<strong>ein Steingeb\u00e4ude dessen Mauerreste bis heute stehen geblieben sind<\/strong><\/figcaption><\/figure><\/div>\n\n\n\n<p>Jedes Jahr kommen mir diese Erinnerungen an meinen Besuch dieser japanischen St\u00e4dte schmerzlich in Erinnerung.<br>In diesem Jahr 2023 gibt es eine Besonderheit, denn aktuell haben\u00a0<strong><a rel=\"noreferrer noopener\" href=\"https:\/\/de.wikipedia.org\/wiki\/Kernwaffe\" target=\"_blank\">Atomwaffen\u00a0<\/a><\/strong>weltweit durch den\u00a0<strong><a rel=\"noreferrer noopener\" href=\"https:\/\/de.wikipedia.org\/wiki\/Russisch-Ukrainischer_Krieg\" target=\"_blank\">Ukraine-Krieg<\/a><\/strong>\u00a0ziemlich viel Aufmerksamkeit bekommen.<br>Laut einer INSA-Umfrage vom Oktober 2022 hatten rund 59 % in Deutschland Angst vor einem dritten Weltkrieg.<br>Auch der\u00a0<strong><a rel=\"noreferrer noopener\" href=\"https:\/\/de.wikipedia.org\/wiki\/Oppenheimer_(2023)\" target=\"_blank\">Hollywoodfilm\u00a0<\/a><\/strong>\u00bb<strong><a rel=\"noreferrer noopener\" href=\"https:\/\/de.wikipedia.org\/wiki\/Robert_Oppenheimer\" target=\"_blank\">Oppenheimer<\/a><\/strong>\u00ab hat f\u00fcr viel Trubel und Diskussionen gesorgt. 1942 begann das Atomzeitalter mit dem\u00a0<strong><a rel=\"noreferrer noopener\" href=\"https:\/\/de.wikipedia.org\/wiki\/Manhattan-Projekt\" target=\"_blank\">Manhatten Projekt<\/a><\/strong>\u00a0und vielen ober- und unterirdischen Atomtests.<br>Seit dem ersten Einsatz von Atombomben am 6. und 9. August 1945 \u00fcber den St\u00e4dten\u00a0<strong><a rel=\"noreferrer noopener\" href=\"https:\/\/de.wikipedia.org\/wiki\/Hiroshima\" target=\"_blank\">Hiroshima\u00a0<\/a><\/strong>und\u00a0<strong><a rel=\"noreferrer noopener\" href=\"https:\/\/de.wikipedia.org\/wiki\/Nagasaki\" target=\"_blank\">Nagasaki\u00a0<\/a><\/strong>ist es gerade einmal 78 Jahr her. Etwa 140\u00a0000 Menschen in Hiroshima und 74\u00a0000 in Nagasaki waren sofort tot oder starben in den n\u00e4chsten drei Monaten an den unmittelbaren Folgen der Explosion &#8211; in der extremen Hitze, an den Folgen der Druckwelle und der Br\u00e4nde und dann an den Folgesch\u00e4den von Verstrahlung und nuklearem Fallout sowie viele weitere an den mittelbaren Auswirkungen in Form von Missbildungen und Krebs.<br><br>Hatten wir geglaubt, nach diesem Fiasko, dem millionenfachen Tod und Leiden der Weltkriege und der Katastrophe in den Atomreaktoren\u00a0<strong><a rel=\"noreferrer noopener\" href=\"https:\/\/de.wikipedia.org\/wiki\/Nuklearkatastrophe_von_Tschernobyl\" target=\"_blank\">Tschernobyl\u00a0<\/a><\/strong>und\u00a0<strong><a rel=\"noreferrer noopener\" href=\"https:\/\/de.wikipedia.org\/wiki\/Nuklearkatastrophe_von_Fukushima\" target=\"_blank\">Fukushima\u00a0<\/a><\/strong>h\u00e4tte die Menschheit verstanden, so sehen wir uns gerade entt\u00e4uscht.<br>Aktuell droht der russische Pr\u00e4sident im Rahme seiner Spezialoperation immer mal wieder mit dem Einsatz von Atomwaffen oder gar der Sprengung des gr\u00f6\u00dften Atomkraftwerkes in\u00a0<strong><a rel=\"noreferrer noopener\" href=\"https:\/\/de.wikipedia.org\/wiki\/Kernkraftwerk_Saporischschja\" target=\"_blank\">Saporisc<\/a><a href=\"https:\/\/de.wikipedia.org\/wiki\/Kernkraftwerk_Saporischschja\">hschja\u00a0<\/a><\/strong>in der Ukraine.<br>Trotz\u00a0<strong><a rel=\"noreferrer noopener\" href=\"https:\/\/de.wikipedia.org\/wiki\/Atomwaffenverbotsvertrag\" target=\"_blank\">Atomwaffenverbotsvertrag\u00a0<\/a><\/strong>gibt es weltweit immer noch 12.700 oder 13.400 (<em>die Angaben schwanken<\/em>) Atomwaffen von denen etwa 4.000 einsatzf\u00e4hig und 1.800 in st\u00e4ndiger Alarmbereitschaft gehalten werden.<br>Sie k\u00f6nnen ihre Ziele innerhalb weniger Minuten erreichen und der Menschheit ein Ende bereiten.<br><br>In der heutigen Welt, die voll von atomaren Massen-Vernichtungswaffen, Cyber-Kriegsf\u00fchrung, Hyperschall- Tr\u00e4gersystemen, Weltraum-Kriegsf\u00fchrung und weiteren Systemen zur Zerst\u00f6rung ist, wird es umso wichtiger f\u00fcr Frieden einzustehen, die Stimme zu erheben und diplomatisch-friedliche L\u00f6sungen zu finden.<br>Dennoch scheint das Ende des Zeitalters der Atomwaffe weiterhin in weiter Ferne. Auch unsere aktuelle deutsche Ampel-Regierung hat sich mit dem 100-Mrd.-Aufr\u00fcstungspaket daf\u00fcr entschieden, neue Flugzeuge vom Typ F-35 anzuschaffen. Diese sollen die bisher f\u00fcr die nukleare Teilhabe zur Verf\u00fcgung stehenden Tornados abl\u00f6sen. Damit werden die Weichen f\u00fcr weitere jahrzehnte Fortsetzung der nuklearen Teilhabe gestellt.<\/p>\n\n\n\n<hr class=\"wp-block-separator is-style-wide\"\/>\n\n\n\n<p>Mehr nun aus dem beeindruckenden Artikel &#8211; von Martina Lenzen-Schulte: &#8222;<strong>F\u00fcr ein Leben gezeichnet und ge\u00e4chtet<\/strong>&#8222;, im Dt. \u00c4rzteblatt, 7.8.2023; 120 (31-32): A-1316-1321 &#8211; \u00fcber ein langes Gespr\u00e4ch mit Prof. Dr. med. Masao Tomonaga, dem langj\u00e4hrigen Direktor des Rotkreuz-Hospitals Genbaku in Nagasaki. Er ist nun \u00fcber 80 Jahre alt und widmet sich als Chairman der Hibakusha Association der Pr\u00e4fektur Nagasaki noch immer der Aufkl\u00e4rungsarbeit.<\/p>\n\n\n\n<div class=\"wp-block-columns is-layout-flex wp-container-core-columns-is-layout-28f84493 wp-block-columns-is-layout-flex\">\n<div class=\"wp-block-column is-layout-flow wp-block-column-is-layout-flow\">\n<figure class=\"wp-block-image size-large\"><img loading=\"lazy\" decoding=\"async\" width=\"656\" height=\"1024\" src=\"https:\/\/geschichte.bibibo.info\/wp-content\/uploads\/2023\/08\/Junge-mit-totem-Bruder-656x1024.jpg\" alt=\"\" class=\"wp-image-5148\" srcset=\"https:\/\/geschichte.bibibo.info\/wp-content\/uploads\/2023\/08\/Junge-mit-totem-Bruder-656x1024.jpg 656w, https:\/\/geschichte.bibibo.info\/wp-content\/uploads\/2023\/08\/Junge-mit-totem-Bruder-192x300.jpg 192w, https:\/\/geschichte.bibibo.info\/wp-content\/uploads\/2023\/08\/Junge-mit-totem-Bruder-768x1199.jpg 768w, https:\/\/geschichte.bibibo.info\/wp-content\/uploads\/2023\/08\/Junge-mit-totem-Bruder.jpg 800w\" sizes=\"auto, (max-width: 656px) 100vw, 656px\" \/><figcaption><em>Geduld eines Bruderherzens: Das ikonische Bild h\u00e4ngt im Nagasaki Atomic Bomb Museum: Ein Junge wartet geduldig am Krematorium, bis man ihm die Leiche seines Bruders abnimmt.<\/em><\/figcaption><\/figure>\n<\/div>\n\n\n\n<div class=\"wp-block-column is-layout-flow wp-block-column-is-layout-flow\">\n<figure class=\"wp-block-image size-large is-resized\"><img loading=\"lazy\" decoding=\"async\" src=\"https:\/\/geschichte.bibibo.info\/wp-content\/uploads\/2023\/08\/5-give-me-water.JPG-768x1024.jpg\" alt=\"\" class=\"wp-image-5155\" width=\"400\" height=\"533\" srcset=\"https:\/\/geschichte.bibibo.info\/wp-content\/uploads\/2023\/08\/5-give-me-water.JPG-768x1024.jpg 768w, https:\/\/geschichte.bibibo.info\/wp-content\/uploads\/2023\/08\/5-give-me-water.JPG-225x300.jpg 225w, https:\/\/geschichte.bibibo.info\/wp-content\/uploads\/2023\/08\/5-give-me-water.JPG.jpg 960w\" sizes=\"auto, (max-width: 400px) 100vw, 400px\" \/><figcaption><strong>Foto aus der Brosch\u00fcre: Give me water<\/strong><\/figcaption><\/figure>\n\n\n\n<p style=\"font-size:14px\"><strong>Foto links: <em>picture alliance\/CPA Media Co. Ltd\/Joe O\u2018Donnell<\/em><\/strong><\/p>\n<\/div>\n<\/div>\n\n\n\n<p>Ohne die \u00fcbermenschliche Disziplin der Bev\u00f6lkerung w\u00e4ren Nagasaki und Hiroshima in weit gr\u00f6\u00dferem Chaos versunken, sagen Zeitzeugen r\u00fcckblickend. Doch was dies f\u00fcr ein Leben ist, kann sich kaum jemand vorstellen. <\/p>\n\n\n\n<p>Am 23. Dezember 1945 er\u00f6ffnete Gishin Yamashita (1894\u20131989), Nachfahre einer reichen Familie, in einem kleinen Raum am Stadtrand von Hiroshima ein Kriegswaisenhaus. Er setzte sich sp\u00e4ter unerm\u00fcdlich f\u00fcr ein Gesetz ein, das den \u00dcberlebenden die kostenlose medizinische Behandlung sicherte \u2013 eine Forderung, die erst Jahrzehnte nach dem Krieg verwirklicht wurde.<br>Prof. Dr. med. Masao Tomonaga hat als Kind selbst die Detonation \u00fcber Nagasaki in einer Entfernung von 2,5 km miterlebt. Von seiner Mutter wei\u00df er nicht nur um die entsetzlichsten Details der damaligen Geschehnisse, sondern vor allem um die emotionalen und psychologischen Abgr\u00fcnde, in die die \u00dcberlebenden danach geraten sind.<br>Sp\u00e4ter war er als <strong><a rel=\"noreferrer noopener\" href=\"https:\/\/de.wikipedia.org\/wiki\/H%C3%A4matologie\" target=\"_blank\">H\u00e4matologe <\/a><\/strong>federf\u00fchrend eingebunden, die chronischen gesundheitlichen Folgen von Strahlensch\u00e4den zu erforschen und die in Japan als <strong><a rel=\"noreferrer noopener\" href=\"https:\/\/de.wikipedia.org\/wiki\/Hibakusha\" target=\"_blank\">Hibakusha<\/a><\/strong> bezeichneten \u00dcberlebenden zu behandeln. <br>Dank ihnen werden die Folgen <strong><a rel=\"noreferrer noopener\" href=\"https:\/\/www.bfs.de\/DE\/themen\/ion\/einfuehrung\/einfuehrung.html\" target=\"_blank\">ionisierender Strahlung<\/a><\/strong> nun besser verstanden.<\/p>\n\n\n\n<p>Am 6. August<strong> <\/strong>wurde \u00fcber <strong>Hiroshima <\/strong>die 16-Kilotonnen-Bombe \u201e<strong><a rel=\"noreferrer noopener\" href=\"https:\/\/de.wikipedia.org\/wiki\/Little_Boy\" target=\"_blank\">Little Boy<\/a><\/strong>\u201c (<a rel=\"noreferrer noopener\" href=\"https:\/\/en.wikipedia.org\/wiki\/Uranium-235\" target=\"_blank\"><strong>Uran 235<\/strong><\/a>) \u00fcber einer Bev\u00f6lkerung von etwa 350&nbsp;000 Menschen abgeworfen, drei Tage sp\u00e4ter detonierte die 21-Kilotonnen-Bombe \u201e<strong><a rel=\"noreferrer noopener\" href=\"https:\/\/de.wikipedia.org\/wiki\/Fat_Man\" target=\"_blank\">Fat Man<\/a><\/strong>\u201c (<strong><a rel=\"noreferrer noopener\" href=\"https:\/\/en.wikipedia.org\/wiki\/Plutonium-239\" target=\"_blank\">Plutonium 239<\/a><\/strong>) \u00fcber den rund 240&nbsp;000 Bewohnern <strong>Nagasakis <\/strong>\u2013 in je 500 m und 600 m H\u00f6he. 90 % der Stadt Hiroshima wurden im Umkreis um das Hypozentrum dem Erdboden gleichgemacht, in Nagasaki waren es aufgrund anderer geologischer Gegebenheiten 70 %. Damals dominierten zun\u00e4chst die unmittelbaren und mittelbaren k\u00f6rperlichen Verheerungen. <br>Die <strong><a rel=\"noreferrer noopener\" href=\"https:\/\/de.wikipedia.org\/wiki\/Mortalit%C3%A4t\" target=\"_blank\">Sterbequote <\/a><\/strong>hing von der Entfernung zum <strong><a rel=\"noreferrer noopener\" href=\"https:\/\/de.wikipedia.org\/wiki\/Epizentrum\" target=\"_blank\">Hypozentrum <\/a><\/strong>(<em>das in diesem Fall nicht unter, sondern \u00fcber der Erde lag<\/em>) und davon ab, ob es Schutzr\u00e4ume gab: <br>In 500 m Entfernung von <strong><a rel=\"noreferrer noopener\" href=\"https:\/\/de.wikipedia.org\/wiki\/Ground_Zero\" target=\"_blank\">Ground Zero <\/a><\/strong>waren alle sofort tot, <br>bis in 1 km Entfernung waren es 90 %. <br>Innerhalb von 1,5 km Distanz starben 50 %, jeder Zehnte schlie\u00dflich in einem Ring von 2 km (<em>siehe Grafik unten<\/em>) <br>Rund die H\u00e4lfte der Opfer wurde vom Detonationsdruck get\u00f6tet, etwas mehr als ein Drittel durch Hitze und die \u00fcbrigen durch ionisierende Strahlung.<\/p>\n\n\n\n<figure class=\"wp-block-image size-full is-resized\"><img loading=\"lazy\" decoding=\"async\" src=\"https:\/\/geschichte.bibibo.info\/wp-content\/uploads\/2023\/08\/Ground-Zero.gif\" alt=\"\" class=\"wp-image-5151\" width=\"800\" height=\"542\"\/><\/figure>\n\n\n\n<p>Die Druckwelle war so stark, dass den Babys, die von ihren M\u00fcttern auf traditionell japanische Weise am K\u00f6rper getragen wurden, die K\u00f6pfe abgerissen wurden, so eine der grauenvollsten Erinnerungen der \u00dcberlebenden. Sie verbrachten die ersten Tage und N\u00e4chte im Freien auf dem Boden; darunter rund 74&nbsp;000 Verletzte in Nagasaki, f\u00fcr Hiroshima wird ihre Zahl auf knapp 80&nbsp;000 gesch\u00e4tzt. An angemessene medizinische Versorgung war nicht zu denken, jegliches Equipment war zerst\u00f6rt, es konnten weder Schmerzen gelindert noch Plasma- oder Blutpr\u00e4parate verabreicht werden, was zwischen Leben und Tod entscheiden konnte.<br>Nicht nur materielle Ressourcen zur Behandlung fehlten. In Hiroshima starben 90 % der \u00c4rztinnen und \u00c4rzte und der Pflegekr\u00e4fte. Solchen Berufsangeh\u00f6rigen war es wegen ihrer Bedeutung f\u00fcr die medizinische Versorgung verboten, die St\u00e4dte zu verlassen. In Nagasaki lag das Universit\u00e4tshospital nur 600 m von Ground Zero entfernt, etwa 900 Mitarbeiter wurden get\u00f6tet. Jedoch \u00fcberlebten dort gl\u00fccklicherweise gegen alle Wahrscheinlichkeit mehr als die H\u00e4lfte des \u00e4rztlichen und pflegerischen Personals. Das war haupts\u00e4chlich dem Umstand zu verdanken, dass die Klinikgeb\u00e4ude zu den gr\u00f6\u00dften und stabilsten der Stadt z\u00e4hlten.&nbsp;<\/p>\n\n\n\n<figure class=\"wp-block-image size-full\"><img loading=\"lazy\" decoding=\"async\" width=\"800\" height=\"510\" src=\"https:\/\/geschichte.bibibo.info\/wp-content\/uploads\/2023\/08\/Klinikmahnmal.jpg\" alt=\"\" class=\"wp-image-5152\" srcset=\"https:\/\/geschichte.bibibo.info\/wp-content\/uploads\/2023\/08\/Klinikmahnmal.jpg 800w, https:\/\/geschichte.bibibo.info\/wp-content\/uploads\/2023\/08\/Klinikmahnmal-300x191.jpg 300w, https:\/\/geschichte.bibibo.info\/wp-content\/uploads\/2023\/08\/Klinikmahnmal-768x490.jpg 768w\" sizes=\"auto, (max-width: 800px) 100vw, 800px\" \/><figcaption><em><strong>Klinikmahnmal: Nicht weit vom ABDI hat man dieses Geb\u00e4ude bewusst stehen lassen und als Unterkunft f\u00fcr Gastforscher- und -forscherinnen genutzt. Es tr\u00e4gt noch Spuren der Verw\u00fcstung und erinnert unter anderem daran, dass \u00fcberdurchschnittlich viele Menschen auf dem Klinikgel\u00e4nde in solchen Geb\u00e4uden \u00fcberlebt hatten. Foto: M. Lenzen-Schulte<\/strong><\/em><\/figcaption><\/figure>\n\n\n\n<p>Wie es darin zuging, wissen wir von dem Augenzeugenbericht des Radiologen Takashi Nagai, der als 37-J\u00e4hriger in einem der Geb\u00e4ude den Bombenabwurf \u00fcberlebte. Er k\u00fcmmerte sich zwei Tage hingebungsvoll um die Opfer, bis er selbst zusammenbrach. Nagai schildert die Tage und Wochen nach der Katastrophe so emotional empathisch wie medizinisch minuti\u00f6s in dem ber\u00fchmten Buch \u201eDie Glocken von Nagasaki.\u201c Es handelt sich um ein einzigartiges Dokument, da Nagai diese Apokalypse zugleich als Mensch und Mediziner in Worte fassen konnte.<\/p>\n\n\n\n<div class=\"wp-block-columns is-layout-flex wp-container-core-columns-is-layout-28f84493 wp-block-columns-is-layout-flex\">\n<div class=\"wp-block-column is-layout-flow wp-block-column-is-layout-flow\" style=\"flex-basis:33.33%\">\n<figure class=\"wp-block-image size-full\"><img loading=\"lazy\" decoding=\"async\" width=\"257\" height=\"361\" src=\"https:\/\/geschichte.bibibo.info\/wp-content\/uploads\/2023\/08\/Buch-2023-08-09-095426.jpg\" alt=\"\" class=\"wp-image-5154\" srcset=\"https:\/\/geschichte.bibibo.info\/wp-content\/uploads\/2023\/08\/Buch-2023-08-09-095426.jpg 257w, https:\/\/geschichte.bibibo.info\/wp-content\/uploads\/2023\/08\/Buch-2023-08-09-095426-214x300.jpg 214w\" sizes=\"auto, (max-width: 257px) 100vw, 257px\" \/><\/figure>\n\n\n\n<p class=\"has-text-align-center\" style=\"font-size:12px\"><strong>im normalen Buchhandel <\/strong><br><strong><strong>derzeit<\/strong><\/strong> <strong>nicht verf\u00fcgbar<\/strong><\/p>\n<\/div>\n\n\n\n<div class=\"wp-block-column is-layout-flow wp-block-column-is-layout-flow\" style=\"flex-basis:66.66%\">\n<p>Was Nagai in seinem Buch und sp\u00e4ter etliche Studien als unmittelbare medizinische Folgen dokumentierten, war seinerzeit v\u00f6llig unbekannt <br>und wurde zun\u00e4chst als genbanku-shou (atomic bomb sickness), sp\u00e4ter mit dem Begriff \u201eacute radiation sickness\u201c (ARS) bezeichnet. <br>Sp\u00e4ter wurden mit den ARS-Kriterien rund 150 hoch exponierte Opfer des Tschernobyl-Atomreaktorunfalls diagnostiziert \u2013 darunter die 134 Arbeiter, die zum Zeitpunkt des Unfalls in der Anlage waren.<\/p>\n\n\n\n<p>Vor allem die sich rasch erneuernden Organsysteme waren betroffen: Darmschleimhaut und Knochenmark. Statt <strong><a rel=\"noreferrer noopener\" href=\"https:\/\/de.wikipedia.org\/wiki\/H%C3%A4matopoese\" target=\"_blank\">H\u00e4matopoese <\/a><\/strong>(<em>Blutbildung<\/em>) sieht man nur Fettzellen, die Faltungen des Darms, die der Oberfl\u00e4chen-vergr\u00f6\u00dferung dienen, verflachen v\u00f6llig. Die Sch\u00e4digung der Schleimh\u00e4ute geht mit blutigem <strong><a rel=\"noreferrer noopener\" href=\"https:\/\/de.wikipedia.org\/wiki\/Durchfall\" target=\"_blank\">Diarrhoe <\/a><\/strong>(<em>Durchfall<\/em>) und blutigem Speichel einher. <strong><a rel=\"noreferrer noopener\" href=\"https:\/\/de.wikipedia.org\/wiki\/Purpura\" target=\"_blank\">Purpura<\/a><\/strong> (<em>kleine Einblutungen<\/em>), sehr hohes Fieber und Infektionen folgen auf den Verlust der <strong><a rel=\"noreferrer noopener\" href=\"https:\/\/de.wikipedia.org\/wiki\/Knochenmark\" target=\"_blank\">Knochenmarkszellen<\/a><\/strong>, die unter anderem der&nbsp;<strong><a rel=\"noreferrer noopener\" href=\"https:\/\/de.wikipedia.org\/wiki\/H%C3%A4matopoese\" target=\"_blank\">Blutbildung<\/a>&nbsp;<\/strong>(<em>H\u00e4matopoese<\/em>) dienen.<\/p>\n<\/div>\n<\/div>\n\n\n\n<p>Was die Hibakusha selbst und die sie Pflegenden innerhalb k\u00fcrzester Zeit als erstes Anzeichen des nahenden Todes identifizierten und f\u00fcrchteten, war der Haarausfall. \u201eDaher zog jeder nach dem Aufwachen als Erstes an seinen Haaren, um zu pr\u00fcfen, ob sie noch fest waren\u201c, schildert Tomonaga das angsterf\u00fcllte morgendliche Ritual.<\/p>\n\n\n\n<figure class=\"wp-block-image size-full\"><img loading=\"lazy\" decoding=\"async\" width=\"799\" height=\"482\" src=\"https:\/\/geschichte.bibibo.info\/wp-content\/uploads\/2023\/08\/Celloide-nach-Verbrennung.jpg\" alt=\"\" class=\"wp-image-5149\" srcset=\"https:\/\/geschichte.bibibo.info\/wp-content\/uploads\/2023\/08\/Celloide-nach-Verbrennung.jpg 799w, https:\/\/geschichte.bibibo.info\/wp-content\/uploads\/2023\/08\/Celloide-nach-Verbrennung-300x181.jpg 300w, https:\/\/geschichte.bibibo.info\/wp-content\/uploads\/2023\/08\/Celloide-nach-Verbrennung-768x463.jpg 768w\" sizes=\"auto, (max-width: 799px) 100vw, 799px\" \/><figcaption><em>Vernarbt und verstrahlt: Ungew\u00f6hnlich starke Keloidbildung (links) nach dem Abheilen von Brandwunden machte die \u00dcberlebenden fr\u00fch zu Auss\u00e4tzigen.<\/em><br><em>Haarausfall (rechts) war eines der fr\u00fchesten Anzeichen der schwerwiegenden akuten Strahlenkrankheit (ARS) und stets ein Alarmsignal.<\/em><br><em><strong>Foto: mauritius images\/Keystone Press\/Alamy\/Alamy Stock <\/strong><\/em><br><a rel=\"noreferrer noopener\" href=\"https:\/\/www.genken.nagasaki-u.ac.jp\/abomb\/data\/panf.pdf\" target=\"_blank\"><strong><em>https:\/\/www.genken.nagasaki-u.ac.jp\/abomb\/data\/panf.pdf<\/em><\/strong><\/a><\/figcaption><\/figure>\n\n\n\n<p>Wer den ersten Monat \u00fcberlebte und sich dank besser werdender medizinischer Versorgung erholte, war l\u00e4ngst nicht gesund oder geheilt \u2013 und oft von Anfang an stigmatisiert. Dazu trugen nicht zuletzt die abnormen <strong><a rel=\"noreferrer noopener\" href=\"https:\/\/de.wikipedia.org\/wiki\/Keloid\" target=\"_blank\">Keloide <\/a><\/strong>bei, wie man sie zuvor selbst nach tiefen Verbrennungen noch nie gesehen hatte. Sie verflachten oft erst nach etlichen Jahren und erinnerten zun\u00e4chst an Tumorwucherungen oder Lepra. Dies lie\u00df die Mitmenschen schon fr\u00fch von den Hibakusha zur\u00fcckschrecken. So begann eine lange Geschichte von Ausgrenzung und \u00c4chtung: Als h\u00e4tte der Verlust von Heim und Familie, die k\u00f6rperliche und psychische Traumatisierung nicht genug Leid bedeutet, schlug Hibakusha Misstrauen statt Mitleid entgegen. Sie lebten au\u00dferdem in stetiger Furcht vor dem, was ihnen die Hinterlassenschaft der Bombe noch alles an Leid abfordern w\u00fcrde.<br>Bereits ab 1949 fiel \u00c4rzten auf, dass \u00dcberlebende \u2013 darunter auch Kinder \u2013 vermehrt unter Leuk\u00e4mien litten. Die \u00dcberlebenden entwickelten fast in allen Organen h\u00e4ufiger Malignome als ihre nicht exponierten Mitmenschen. <br>Wie die Grafik zeigt, t\u00f6tet die Bombe noch immer. <\/p>\n\n\n\n<div class=\"wp-block-image\"><figure class=\"aligncenter size-full\"><img loading=\"lazy\" decoding=\"async\" width=\"800\" height=\"498\" src=\"https:\/\/geschichte.bibibo.info\/wp-content\/uploads\/2023\/08\/Leukaemieraten-1.gif\" alt=\"\" class=\"wp-image-5157\"\/><figcaption><strong>Strahlungsassoziierte Todesf\u00e4lle im Zeitverlauf: beobachtete und vermutete F\u00e4lle (Quelle:  Life Span Study)<\/strong><\/figcaption><\/figure><\/div>\n\n\n\n<p>Wer einer Dosis zwischen 100 mGy (100 milli<strong><a rel=\"noreferrer noopener\" href=\"https:\/\/de.wikipedia.org\/wiki\/Gray\" target=\"_blank\">gray<\/a><\/strong> =&nbsp;<strong><a rel=\"noreferrer noopener\" href=\"https:\/\/www.translatorscafe.com\/unit-converter\/de-DE\/radiation-absorbed-dose\/18-25\/milligray-millisievert\/\" target=\"_blank\">0.1 gray<\/a><\/strong>, der niedrigste Wert, der mit einem signifikant erh\u00f6hten Tumorrisiko assoziiert ist) bis 3 Gy ausgesetzt gewesen war, hat immer noch ein \u2013 wenn auch nur gering \u2013 erh\u00f6htes Risiko. <br>Die Angst davor wirkt wie ein psychisches Damoklesschwert, das seit Jahrzehnten \u00fcber den Hibakusha droht, denn deren Durchschnittsalter liegt inzwischen bei deutlich \u00fcber 80 Jahren. \u201eHibakusha erhielten leider keine guten Erkl\u00e4rungen\u201c, bedauert der alte Arzt, \u201eauch, weil die meisten von uns, sogar Spezialisten, nur rudiment\u00e4res Wissen \u00fcber die gesundheitlichen Folgen der Atombombe hatten.\u201c Die Betroffenen h\u00f6rten zun\u00e4chst nur, sie sollten sich nicht zu viele Sorgen machen.<br>F\u00fcr eine bessere Aufkl\u00e4rung der \u00dcberlebenden, aber auch f\u00fcr k\u00fcnftige Therapiekonzepte kam der Forschung \u00fcber die gesundheitlichen Folgen ionisierender Strahlung daher zentrale Bedeutung zu. <br>Eine eigens hierf\u00fcr konzipierte Einrichtung ist das <strong><a rel=\"noreferrer noopener\" href=\"https:\/\/www.genken.nagasaki-u.ac.jp\/\" target=\"_blank\">Atomic Bomb Disease Institut<\/a><\/strong> (ABDI) der Universit\u00e4t Nagasaki. Die Atomic Bomb Casualty Commission (sp\u00e4ter <strong><a rel=\"noreferrer noopener\" href=\"https:\/\/www.rerf.or.jp\/en\/\" target=\"_blank\">Radiation Effect Research Foundation<\/a><\/strong>, RERF) begann 1947, die Langzeiteffekte zu monitoren. Daraus ging 1958 die bedeutende <strong><a rel=\"noreferrer noopener\" href=\"https:\/\/www.rerf.or.jp\/en\/programs\/research_activities_e\/outline_e\/proglss-en\/\" target=\"_blank\">Life Span Study<\/a> <\/strong>(LSS) mit 120&nbsp;321 Teilnehmenden hervor; 26&nbsp;580 Bewohner von Hiroshima und Nagasaki, die beim Abwurf nicht in ihrer Heimatstadt waren, bildeten die Kontrollgruppe.<br>Diese Datenbanken stellen somit die ersten ihrer Art dar, um Folgen ionisierender Strahlung systematisch zu beschreiben. Den Analysen zufolge haben Hibakusha nicht nur ein erh\u00f6htes Krebsrisiko, sondern leiden auch \u00fcberdurchschnittlich h\u00e4ufig an anderen Krankheiten, etwa Augenkrankheiten, z.B. <em><a rel=\"noreferrer noopener\" href=\"https:\/\/de.wikipedia.org\/wiki\/Katarakt_(Medizin)\" target=\"_blank\"><strong>Katarakt<\/strong><\/a> (grauer Star, Linsentr\u00fcbung<\/em>) und Herz-Kreislauf-Krankheiten (z.B. Herzinfarkt). Dank der LSS kann man von einer linearen Dosis-Wirkungs-Beziehung ausgehen, was die Wahrscheinlichkeit des Entstehens von Krebs und Leuk\u00e4mie im Abstand zur Strahlenquelle angeht. Diese Erkenntnisse sind nicht nur das Verdienst der Forschung, sondern wesentlich der Hibakusha, die diese bereitwillig unterst\u00fctzt haben. <\/p>\n\n\n\n<p>F\u00fcr eine Vielzahl von Menschen, zum Beispiel jene, die in strahlensensiblen Bereichen arbeiten, k\u00f6nnten gefundene Marker (<em>Merk- oder Kennzeichen<\/em>) kl\u00e4ren helfen, ob ihr Tumor mit ihrer Arbeit zu tun hat oder nicht. Dazu z\u00e4hlen Mitarbeitende in Kliniken und Forschungsinstituten, Piloten und Flugbegleitpersonal, aber auch Wasserwerker oder Menschen, die im Bergbau in Regionen mit erh\u00f6hter Radonbelastung arbeiten. <\/p>\n\n\n\n<p><a href=\"https:\/\/www.aerzteblatt.de\/callback\/image.asp?id=132721\"><\/a><\/p>\n","protected":false},"excerpt":{"rendered":"<p>Eindringliche Mahnung zur \u00c4chtung von Atomwaffen \u2013 August-Gedenktage an Opfer von Hiroshima und Nagasaki Jedes Jahr kommen mir diese Erinnerungen an meinen Besuch dieser japanischen St\u00e4dte schmerzlich in Erinnerung.In diesem Jahr 2023 gibt es eine Besonderheit, denn aktuell haben\u00a0Atomwaffen\u00a0weltweit durch den\u00a0Ukraine-Krieg\u00a0ziemlich viel Aufmerksamkeit bekommen.Laut einer INSA-Umfrage vom Oktober 2022 hatten rund 59 % in Deutschland &hellip; <\/p>\n<p class=\"link-more\"><a href=\"https:\/\/geschichte.bibibo.info\/?p=5145\" class=\"more-link\">Mehr <span class=\"screen-reader-text\">\u00fcber &#8222;Der Ukraine-Krieg sch\u00fcrt \u00c4ngste&#8220; <\/span>Lesen<\/a><\/p>\n","protected":false},"author":2,"featured_media":0,"comment_status":"open","ping_status":"closed","sticky":false,"template":"","format":"standard","meta":{"footnotes":""},"categories":[26,38,7],"tags":[90,85,88,28,91,86,89,87],"class_list":["post-5145","post","type-post","status-publish","format-standard","hentry","category-geht-uns-alle-an","category-geschichte","category-medizin","tag-angst","tag-atomwaffen","tag-fukoshima","tag-hiroshima","tag-krieg","tag-nagasaki","tag-saporischschja","tag-tschernobyl"],"_links":{"self":[{"href":"https:\/\/geschichte.bibibo.info\/index.php?rest_route=\/wp\/v2\/posts\/5145","targetHints":{"allow":["GET"]}}],"collection":[{"href":"https:\/\/geschichte.bibibo.info\/index.php?rest_route=\/wp\/v2\/posts"}],"about":[{"href":"https:\/\/geschichte.bibibo.info\/index.php?rest_route=\/wp\/v2\/types\/post"}],"author":[{"embeddable":true,"href":"https:\/\/geschichte.bibibo.info\/index.php?rest_route=\/wp\/v2\/users\/2"}],"replies":[{"embeddable":true,"href":"https:\/\/geschichte.bibibo.info\/index.php?rest_route=%2Fwp%2Fv2%2Fcomments&post=5145"}],"version-history":[{"count":5,"href":"https:\/\/geschichte.bibibo.info\/index.php?rest_route=\/wp\/v2\/posts\/5145\/revisions"}],"predecessor-version":[{"id":5160,"href":"https:\/\/geschichte.bibibo.info\/index.php?rest_route=\/wp\/v2\/posts\/5145\/revisions\/5160"}],"wp:attachment":[{"href":"https:\/\/geschichte.bibibo.info\/index.php?rest_route=%2Fwp%2Fv2%2Fmedia&parent=5145"}],"wp:term":[{"taxonomy":"category","embeddable":true,"href":"https:\/\/geschichte.bibibo.info\/index.php?rest_route=%2Fwp%2Fv2%2Fcategories&post=5145"},{"taxonomy":"post_tag","embeddable":true,"href":"https:\/\/geschichte.bibibo.info\/index.php?rest_route=%2Fwp%2Fv2%2Ftags&post=5145"}],"curies":[{"name":"wp","href":"https:\/\/api.w.org\/{rel}","templated":true}]}}