{"id":5135,"date":"2023-02-26T12:12:14","date_gmt":"2023-02-26T12:12:14","guid":{"rendered":"http:\/\/geschichte.bibibo.info\/?p=5135"},"modified":"2023-02-26T17:36:44","modified_gmt":"2023-02-26T17:36:44","slug":"montangeschichte-kalksteingrube-malpertus","status":"publish","type":"post","link":"https:\/\/geschichte.bibibo.info\/?p=5135","title":{"rendered":"Montangeschichte &#8211; Kalksteingrube Malpertus"},"content":{"rendered":"\n<figure class=\"wp-block-image size-large is-resized\"><img loading=\"lazy\" decoding=\"async\" src=\"https:\/\/geschichte.bibibo.info\/wp-content\/uploads\/2023\/02\/photo_2023-02-06_10-22-10-1024x768.jpg\" alt=\"\" class=\"wp-image-5136\" width=\"880\" height=\"660\" srcset=\"https:\/\/geschichte.bibibo.info\/wp-content\/uploads\/2023\/02\/photo_2023-02-06_10-22-10-1024x768.jpg 1024w, https:\/\/geschichte.bibibo.info\/wp-content\/uploads\/2023\/02\/photo_2023-02-06_10-22-10-300x225.jpg 300w, https:\/\/geschichte.bibibo.info\/wp-content\/uploads\/2023\/02\/photo_2023-02-06_10-22-10-768x576.jpg 768w, https:\/\/geschichte.bibibo.info\/wp-content\/uploads\/2023\/02\/photo_2023-02-06_10-22-10.jpg 1280w\" sizes=\"auto, (max-width: 880px) 100vw, 880px\" \/><figcaption><strong>Besuchergruppe der Freiwilligen Feuerwehr Fellingshausen auf der Grube Malpertus<\/strong> <strong>im Februar 2023<\/strong><\/figcaption><\/figure>\n\n\n\n<p><strong>Franz Gareis<\/strong> erz\u00e4hlt hier \u00fcber seine, als Bergmann und sp\u00e4ter Verantwortlicher, live erlebte Montangeschichte auf der Grube Malpertus bei Wetzlar. Sehen Sie dazu Fotos und Videos der gesamten F\u00fchrung in <strong><a rel=\"noreferrer noopener\" href=\"https:\/\/vg-fellingshausen.de\/eindruecke\/grube-malapertus-montangeschichte-life\/\" target=\"_blank\">Teil 1 <\/a><\/strong>und <strong><a rel=\"noreferrer noopener\" href=\"https:\/\/vg-fellingshausen.de\/eindruecke\/grube-malpertus-montangeschichte-life-2-teil\/\" target=\"_blank\">Teil 2.<\/a><\/strong><\/p>\n\n\n\n<div class=\"wp-block-columns is-layout-flex wp-container-core-columns-is-layout-28f84493 wp-block-columns-is-layout-flex\">\n<div class=\"wp-block-column is-layout-flow wp-block-column-is-layout-flow\">\n<figure class=\"wp-block-image size-full\"><img loading=\"lazy\" decoding=\"async\" width=\"441\" height=\"578\" src=\"https:\/\/geschichte.bibibo.info\/wp-content\/uploads\/2023\/02\/20230204_123314-Geopuenkt-Foto.jpg\" alt=\"\" class=\"wp-image-5137\" srcset=\"https:\/\/geschichte.bibibo.info\/wp-content\/uploads\/2023\/02\/20230204_123314-Geopuenkt-Foto.jpg 441w, https:\/\/geschichte.bibibo.info\/wp-content\/uploads\/2023\/02\/20230204_123314-Geopuenkt-Foto-229x300.jpg 229w\" sizes=\"auto, (max-width: 441px) 100vw, 441px\" \/><\/figure>\n<\/div>\n\n\n\n<div class=\"wp-block-column is-layout-flow wp-block-column-is-layout-flow\">\n<figure class=\"wp-block-image size-large\"><img loading=\"lazy\" decoding=\"async\" width=\"1024\" height=\"768\" src=\"https:\/\/geschichte.bibibo.info\/wp-content\/uploads\/2023\/02\/photo_2023-02-06_10-24-45-1024x768.jpg\" alt=\"\" class=\"wp-image-5138\" srcset=\"https:\/\/geschichte.bibibo.info\/wp-content\/uploads\/2023\/02\/photo_2023-02-06_10-24-45-1024x768.jpg 1024w, https:\/\/geschichte.bibibo.info\/wp-content\/uploads\/2023\/02\/photo_2023-02-06_10-24-45-300x225.jpg 300w, https:\/\/geschichte.bibibo.info\/wp-content\/uploads\/2023\/02\/photo_2023-02-06_10-24-45-768x576.jpg 768w, https:\/\/geschichte.bibibo.info\/wp-content\/uploads\/2023\/02\/photo_2023-02-06_10-24-45.jpg 1280w\" sizes=\"auto, (max-width: 1024px) 100vw, 1024px\" \/><\/figure>\n<\/div>\n<\/div>\n\n\n\n<p style=\"font-size:12px\"><strong>Fotos: A. Lindemann und Steffen Balser<\/strong><\/p>\n","protected":false},"excerpt":{"rendered":"<p>Franz Gareis erz\u00e4hlt hier \u00fcber seine, als Bergmann und sp\u00e4ter Verantwortlicher, live erlebte Montangeschichte auf der Grube Malpertus bei Wetzlar. Sehen Sie dazu Fotos und Videos der gesamten F\u00fchrung in Teil 1 und Teil 2. Fotos: A. Lindemann und Steffen Balser<\/p>\n","protected":false},"author":2,"featured_media":0,"comment_status":"open","ping_status":"closed","sticky":false,"template":"","format":"standard","meta":{"footnotes":""},"categories":[38],"tags":[84,83,80,81,82],"class_list":["post-5135","post","type-post","status-publish","format-standard","hentry","category-geschichte","tag-franz-gareis","tag-freiwillige-feuerwehr-fellingshausen","tag-grube-malertus","tag-kalkstein-bergwerk","tag-montangeschichte"],"_links":{"self":[{"href":"https:\/\/geschichte.bibibo.info\/index.php?rest_route=\/wp\/v2\/posts\/5135","targetHints":{"allow":["GET"]}}],"collection":[{"href":"https:\/\/geschichte.bibibo.info\/index.php?rest_route=\/wp\/v2\/posts"}],"about":[{"href":"https:\/\/geschichte.bibibo.info\/index.php?rest_route=\/wp\/v2\/types\/post"}],"author":[{"embeddable":true,"href":"https:\/\/geschichte.bibibo.info\/index.php?rest_route=\/wp\/v2\/users\/2"}],"replies":[{"embeddable":true,"href":"https:\/\/geschichte.bibibo.info\/index.php?rest_route=%2Fwp%2Fv2%2Fcomments&post=5135"}],"version-history":[{"count":2,"href":"https:\/\/geschichte.bibibo.info\/index.php?rest_route=\/wp\/v2\/posts\/5135\/revisions"}],"predecessor-version":[{"id":5142,"href":"https:\/\/geschichte.bibibo.info\/index.php?rest_route=\/wp\/v2\/posts\/5135\/revisions\/5142"}],"wp:attachment":[{"href":"https:\/\/geschichte.bibibo.info\/index.php?rest_route=%2Fwp%2Fv2%2Fmedia&parent=5135"}],"wp:term":[{"taxonomy":"category","embeddable":true,"href":"https:\/\/geschichte.bibibo.info\/index.php?rest_route=%2Fwp%2Fv2%2Fcategories&post=5135"},{"taxonomy":"post_tag","embeddable":true,"href":"https:\/\/geschichte.bibibo.info\/index.php?rest_route=%2Fwp%2Fv2%2Ftags&post=5135"}],"curies":[{"name":"wp","href":"https:\/\/api.w.org\/{rel}","templated":true}]}}