{"id":5111,"date":"2023-01-12T14:17:25","date_gmt":"2023-01-12T14:17:25","guid":{"rendered":"http:\/\/geschichte.bibibo.info\/?p=5111"},"modified":"2023-01-12T14:26:04","modified_gmt":"2023-01-12T14:26:04","slug":"kunstweg-zum-duensberg-gipfel","status":"publish","type":"post","link":"https:\/\/geschichte.bibibo.info\/?p=5111","title":{"rendered":"Kunstweg zum D\u00fcnsberg-Gipfel"},"content":{"rendered":"\n<div class=\"wp-block-columns is-layout-flex wp-container-core-columns-is-layout-28f84493 wp-block-columns-is-layout-flex\">\n<div class=\"wp-block-column is-layout-flow wp-block-column-is-layout-flow\">\n<figure class=\"wp-block-image size-full is-resized\"><img loading=\"lazy\" decoding=\"async\" src=\"https:\/\/geschichte.bibibo.info\/wp-content\/uploads\/2020\/04\/image-29.png\" alt=\"\" class=\"wp-image-327\" width=\"321\" height=\"480\" srcset=\"https:\/\/geschichte.bibibo.info\/wp-content\/uploads\/2020\/04\/image-29.png 322w, https:\/\/geschichte.bibibo.info\/wp-content\/uploads\/2020\/04\/image-29-201x300.png 201w\" sizes=\"auto, (max-width: 321px) 100vw, 321px\" \/><figcaption><strong>der weise Druide (von W. Br\u00fcckner)<\/strong><\/figcaption><\/figure>\n<\/div>\n\n\n\n<div class=\"wp-block-column is-layout-flow wp-block-column-is-layout-flow\">\n<figure class=\"wp-block-image size-full\"><img loading=\"lazy\" decoding=\"async\" width=\"719\" height=\"483\" src=\"https:\/\/geschichte.bibibo.info\/wp-content\/uploads\/2020\/04\/image-28.png\" alt=\"\" class=\"wp-image-326\" srcset=\"https:\/\/geschichte.bibibo.info\/wp-content\/uploads\/2020\/04\/image-28.png 719w, https:\/\/geschichte.bibibo.info\/wp-content\/uploads\/2020\/04\/image-28-300x202.png 300w, https:\/\/geschichte.bibibo.info\/wp-content\/uploads\/2020\/04\/image-28-120x80.png 120w\" sizes=\"auto, (max-width: 719px) 100vw, 719px\" \/><\/figure>\n\n\n\n<figure class=\"wp-block-image size-full is-resized\"><img loading=\"lazy\" decoding=\"async\" src=\"https:\/\/geschichte.bibibo.info\/wp-content\/uploads\/2023\/01\/karte-Kunstweg-Duensberg.png\" alt=\"\" class=\"wp-image-5113\" width=\"358\" height=\"146\" srcset=\"https:\/\/geschichte.bibibo.info\/wp-content\/uploads\/2023\/01\/karte-Kunstweg-Duensberg.png 859w, https:\/\/geschichte.bibibo.info\/wp-content\/uploads\/2023\/01\/karte-Kunstweg-Duensberg-300x123.png 300w, https:\/\/geschichte.bibibo.info\/wp-content\/uploads\/2023\/01\/karte-Kunstweg-Duensberg-768x314.png 768w\" sizes=\"auto, (max-width: 358px) 100vw, 358px\" \/><figcaption><strong>Der Kunstweg<\/strong><\/figcaption><\/figure>\n<\/div>\n<\/div>\n\n\n\n<p>Beginnend am Keltentor und der kleinen nachgebauten Keltensiedlung mit Museum <br>am Parkplatz &#8222;Krumbacher Kreuz&#8220; startet auf dem Weg zum Gipfel des D\u00fcnsberges der Kunst-Weg.<br><\/p>\n\n\n\n<div class=\"wp-block-columns is-layout-flex wp-container-core-columns-is-layout-28f84493 wp-block-columns-is-layout-flex\">\n<div class=\"wp-block-column is-layout-flow wp-block-column-is-layout-flow\">\n<figure class=\"wp-block-image size-full is-resized\"><img loading=\"lazy\" decoding=\"async\" src=\"https:\/\/geschichte.bibibo.info\/wp-content\/uploads\/2023\/01\/Waechter-am-Weg-Kunstweg-am-Duensberg.png\" alt=\"\" class=\"wp-image-5114\" width=\"350\" height=\"330\" srcset=\"https:\/\/geschichte.bibibo.info\/wp-content\/uploads\/2023\/01\/Waechter-am-Weg-Kunstweg-am-Duensberg.png 325w, https:\/\/geschichte.bibibo.info\/wp-content\/uploads\/2023\/01\/Waechter-am-Weg-Kunstweg-am-Duensberg-300x282.png 300w\" sizes=\"auto, (max-width: 350px) 100vw, 350px\" \/><figcaption><strong>der W\u00e4chter<\/strong><\/figcaption><\/figure>\n<\/div>\n\n\n\n<div class=\"wp-block-column is-layout-flow wp-block-column-is-layout-flow\">\n<figure class=\"wp-block-image size-full is-resized\"><img loading=\"lazy\" decoding=\"async\" src=\"https:\/\/geschichte.bibibo.info\/wp-content\/uploads\/2023\/01\/Foto-Marx-H.-Kunstweg-am-Duensberg-20201231.jpg\" alt=\"\" class=\"wp-image-5112\" width=\"254\" height=\"345\" srcset=\"https:\/\/geschichte.bibibo.info\/wp-content\/uploads\/2023\/01\/Foto-Marx-H.-Kunstweg-am-Duensberg-20201231.jpg 321w, https:\/\/geschichte.bibibo.info\/wp-content\/uploads\/2023\/01\/Foto-Marx-H.-Kunstweg-am-Duensberg-20201231-221x300.jpg 221w\" sizes=\"auto, (max-width: 254px) 100vw, 254px\" \/><figcaption><strong>&#8222;Keltic Art&#8220;<\/strong>,<strong> der W\u00e4chter im Schnee<\/strong><\/figcaption><\/figure>\n<\/div>\n<\/div>\n\n\n\n<p>Bei vielen Besuchern, Wanderern, Walkern, Bikern, Geschichtsinteressierten leben Erinnerungen an den freundlichen F\u00f6rster auf, der Kunst und Kunst-Events auf dem Biebertaler Hausberg mitinitiierte, pflegte und bisweilen mit kulinarischen Gen\u00fcssen bereicherte oder Wanderungen zu besonderen Themen f\u00fcr den <strong><a rel=\"noreferrer noopener\" href=\"https:\/\/www.duensberg-verein.de\/gedenkfeier_peter_moos.htm\" target=\"_blank\">D\u00fcnsbergverein <\/a><\/strong>anbot: Peter Moos, der im September 2015, kurz nach seinem 70. Geburtstag verstarb.<\/p>\n\n\n\n<div class=\"wp-block-image\"><figure class=\"aligncenter size-full is-resized\"><img loading=\"lazy\" decoding=\"async\" src=\"https:\/\/geschichte.bibibo.info\/wp-content\/uploads\/2023\/01\/Peter-Moos-2023-01-12-143728-Wetterauer-Zeitung.jpg\" alt=\"\" class=\"wp-image-5115\" width=\"292\" height=\"425\" srcset=\"https:\/\/geschichte.bibibo.info\/wp-content\/uploads\/2023\/01\/Peter-Moos-2023-01-12-143728-Wetterauer-Zeitung.jpg 321w, https:\/\/geschichte.bibibo.info\/wp-content\/uploads\/2023\/01\/Peter-Moos-2023-01-12-143728-Wetterauer-Zeitung-206x300.jpg 206w\" sizes=\"auto, (max-width: 292px) 100vw, 292px\" \/><figcaption><strong>Bildausschnitt aus der <a href=\"https:\/\/android-hybrid.wetterauer-zeitung.de\/regional\/kreisgiessen\/biebertal\/Biebertal-Viel-Beifall-fuer-Duensberg-Revierfoerster-Peter-Moos;art83,48827\" target=\"_blank\" rel=\"noreferrer noopener\">Wetterauer Zeitung<\/a><\/strong><\/figcaption><\/figure><\/div>\n\n\n\n<p>Unter dem Stichwort &#8222;Keltic Art&#8220; entstand der Kunst-Pfad auf seine Initiative im Sommer 2002. Dazu hatte er 180j\u00e4hrige Eichen f\u00fcr K\u00fcnstler aus der Region, wie Matthes von Oberhessen, der den Wettbewerb gewann, Wolfgang Br\u00fcckner aus der Partnergemeinde Eibenstock oder CAI bereitgestellt. W\u00e4hrend eines einw\u00f6chigen Symposiums schufen dann sieben K\u00fcnstler die ersten sieben Skulpturen, die die lange Siedlungsgeschichte am D\u00fcnsberg zum Thema hatten. Im Sommer 2003 kamen weitere Skulpturen hinzu, so dass der gesamte Weg bis zum D\u00fcnsberg-Plateau mit Kunstwerken best\u00fcckt werden konnte.   <\/p>\n\n\n\n<p>Die geschlossenen Augen des &#8222;weisen Druiden&#8220; am Keltentor stehen f\u00fcr Innerlichkeit und F\u00fchlen; &#8222;die Spielerin&#8220; (von Marc Fritsche) verbindet keltischen Schmuck, die Torque, in der rechten Hand mit dem modernen Fernsehturm in der linken Hand; die Skultur &#8222;Esus&#8220;, Gott des Waldes (von Henrik Wienecke), wurde von den Kelten verehrt &#8211; er war mit Fruchtbarkeit und Erfolg assoziiert; &#8222;der Eber&#8220; war das wichtigste von den Kelten verehrte Tier und Begleiter von Esus, w\u00e4hrend als heilige Pflanze der Kelten die Mistel genannt wird. Horst Busch schul den &#8222;keltischen J\u00fcngling&#8220;; eine detailreich ausgearbeitete B\u00fcste, die im Kontrast zum Bild, das der r\u00f6mische Geschichtsschreiber <strong><a rel=\"noreferrer noopener\" href=\"https:\/\/de.wikipedia.org\/wiki\/Tacitus\" target=\"_blank\">Tarcitus <\/a><\/strong>von den Kelten zeichnete. &#8222;Andraste&#8220;, die keltische G\u00f6ttin des Krieges entstand aus der Hand von Matthes von Oberhessen. Sie schaut vom Schlachtfeld am D\u00fcnsberg Richtung Rom, zu ihren F\u00fc\u00dfen die Sch\u00e4del der Besiegten. Imposant auch der &#8222;Adler auf der Wacht&#8220; von Wolfgang Busch, der den D\u00fcnsberg symbolisch bewacht. F\u00fcr die Kelten war er Symbol f\u00fcr die Macht des Staates. Auf der Schulter des m\u00e4chtigen Vogels sitzt ein Marder als Symbol f\u00fcr die \u00fcbrige Tierwelt. Kurz vor dem Gipfel ist dann als biblisches Motiv &#8222;Noahs Irrtum, ebenfalls von Matthes von Oberhessen, zu sehen. Noha besieht sein Werk, das er auf Wunsch seines Gottes geschaffen hat und ist verzweifelt. Sein Schiff ist in Anbetracht der nahenden Sintflut nicht tauglich. So wie die Arche am Berg Ararat strandet, scheiert die Arche von Matthes am Gipfel des D\u00fcnsbergs.<\/p>\n\n\n\n<p style=\"font-size:12px\"><strong>Fotos: Lindemann<\/strong><br><strong>Quelle. Eine Hommage an Peter Moos, Gie\u00dfener Anzeiger, 24. 8. 2022<\/strong><\/p>\n","protected":false},"excerpt":{"rendered":"<p>Beginnend am Keltentor und der kleinen nachgebauten Keltensiedlung mit Museum am Parkplatz &#8222;Krumbacher Kreuz&#8220; startet auf dem Weg zum Gipfel des D\u00fcnsberges der Kunst-Weg. Bei vielen Besuchern, Wanderern, Walkern, Bikern, Geschichtsinteressierten leben Erinnerungen an den freundlichen F\u00f6rster auf, der Kunst und Kunst-Events auf dem Biebertaler Hausberg mitinitiierte, pflegte und bisweilen mit kulinarischen Gen\u00fcssen bereicherte oder &hellip; <\/p>\n<p class=\"link-more\"><a href=\"https:\/\/geschichte.bibibo.info\/?p=5111\" class=\"more-link\">Mehr <span class=\"screen-reader-text\">\u00fcber &#8222;Kunstweg zum D\u00fcnsberg-Gipfel&#8220; <\/span>Lesen<\/a><\/p>\n","protected":false},"author":2,"featured_media":0,"comment_status":"open","ping_status":"closed","sticky":false,"template":"","format":"standard","meta":{"footnotes":""},"categories":[6,38],"tags":[19,62,61,63],"class_list":["post-5111","post","type-post","status-publish","format-standard","hentry","category-duensberg-und-kelten","category-geschichte","tag-duensberg","tag-keltic-art","tag-kunstweg","tag-peter-moos"],"_links":{"self":[{"href":"https:\/\/geschichte.bibibo.info\/index.php?rest_route=\/wp\/v2\/posts\/5111","targetHints":{"allow":["GET"]}}],"collection":[{"href":"https:\/\/geschichte.bibibo.info\/index.php?rest_route=\/wp\/v2\/posts"}],"about":[{"href":"https:\/\/geschichte.bibibo.info\/index.php?rest_route=\/wp\/v2\/types\/post"}],"author":[{"embeddable":true,"href":"https:\/\/geschichte.bibibo.info\/index.php?rest_route=\/wp\/v2\/users\/2"}],"replies":[{"embeddable":true,"href":"https:\/\/geschichte.bibibo.info\/index.php?rest_route=%2Fwp%2Fv2%2Fcomments&post=5111"}],"version-history":[{"count":3,"href":"https:\/\/geschichte.bibibo.info\/index.php?rest_route=\/wp\/v2\/posts\/5111\/revisions"}],"predecessor-version":[{"id":5122,"href":"https:\/\/geschichte.bibibo.info\/index.php?rest_route=\/wp\/v2\/posts\/5111\/revisions\/5122"}],"wp:attachment":[{"href":"https:\/\/geschichte.bibibo.info\/index.php?rest_route=%2Fwp%2Fv2%2Fmedia&parent=5111"}],"wp:term":[{"taxonomy":"category","embeddable":true,"href":"https:\/\/geschichte.bibibo.info\/index.php?rest_route=%2Fwp%2Fv2%2Fcategories&post=5111"},{"taxonomy":"post_tag","embeddable":true,"href":"https:\/\/geschichte.bibibo.info\/index.php?rest_route=%2Fwp%2Fv2%2Ftags&post=5111"}],"curies":[{"name":"wp","href":"https:\/\/api.w.org\/{rel}","templated":true}]}}