{"id":5061,"date":"2021-07-03T18:00:00","date_gmt":"2021-07-03T18:00:00","guid":{"rendered":"http:\/\/geschichte.bibibo.info\/?p=5061"},"modified":"2021-07-04T15:08:38","modified_gmt":"2021-07-04T15:08:38","slug":"4-juli-amerika-und-biebertal","status":"publish","type":"post","link":"https:\/\/geschichte.bibibo.info\/?p=5061","title":{"rendered":"4. Juli &#8211; Amerika und Biebertal"},"content":{"rendered":"\n<div class=\"wp-block-image\"><figure class=\"aligncenter is-resized\"><img loading=\"lazy\" decoding=\"async\" src=\"https:\/\/fellingshausen.biebertaler-bilderbogen.de\/wp-content\/uploads\/2020\/04\/20200405_175026-576x1024.jpg\" alt=\"Dieses Bild hat ein leeres Alt-Attribut. Der Dateiname ist 20200405_175026-576x1024.jpg\" width=\"429\" height=\"762\"\/><figcaption><strong>Auf ein Bild passt oft nur ein Teil des Mammutbaumes<\/strong><\/figcaption><\/figure><\/div>\n\n\n\n<p>Manche Artikel kommen eher zuf\u00e4llig zustande. Der 4. Juli hat noch keinen Beitrag, amerikanischer Unabh\u00e4ngigkeitstag f\u00e4llt mir ein. Also gucke ich doch mal, <strong>ob es da Ber\u00fchrungspunkte zwischen Amerika, Amerikanern und Biebertal gibt. Hier lesen Sie ein paar gesammelte Schnipsel.<\/strong><\/p>\n\n\n\n<p><strong>Der gro\u00dfe Mammutbaum im Wald von Fellingshausen wird liebevoll auch \u201eDer Amerikaner\u201c genannt.<\/strong> Warum ist das so? Der&nbsp;Riesenmammutbaum<em> (Sequoiadendron<\/em> <em>&nbsp;giganteum)<\/em> stammt aus Amerika. Er ist an der Westk\u00fcste Kaliforniens zu Hause. Dort wird er auch als Redwood bezeichnet und bildet&nbsp; W\u00e4lder mit riesigen immergr\u00fcnen B\u00e4umen, die einen Stammumfang von \u00fcber 20m haben und \u00fcber 3000 Jahre alt werden k\u00f6nnen. Der Fellingsh\u00e4user Amerikaner wurde vor 59 Jahren gepflanzt, ist also \u00fcber 60 Jahre alt.<\/p>\n\n\n\n<p>Am<strong> 27. M\u00e4rz 1945<\/strong> fielen amerikanische Bomben auf Frankenbach.<\/p>\n\n\n\n<p>Am <strong>28. M\u00e4rz<\/strong> kamen die ersten amerikanischen Truppen nach Bieber \u2013 und retteten dadurch den evangelischen Pfarrer vor der Verfolgung durch die Nationalsozialisten.<\/p>\n\n\n\n<p><strong>1946 \u2013 1951<\/strong> war W. Reeh Brandmeister in Frankenbach. F\u00fcr dessen Feuerwehr besorgten die Amerikaner die <strong>erste Motorspritze.<\/strong>   Gibt es die noch? Schade, dass die Biebertaler Feuerwehren beim &#8222;Gr\u00f6\u00dften Blechfestzug Hessens (Gie\u00dfener Anzeiger), der auch am 4. Juli stattfindet, nicht mitmachen. Um 10.00 geht\/ging es in Krofdorf los, um 14.00 will man in Gr\u00fcnberg sein.<\/p>\n\n\n\n<p>Andreas Taddey von den Gr\u00fcnen Biebertal besitzt <strong>zwei amerikanische Collies.<\/strong> Da denke ich an Lassie.<\/p>\n\n\n\n<p><strong>Ich fand vier Firmen, die mit Amerika zu tun haben:<\/strong><\/p>\n\n\n\n<div class=\"wp-block-columns is-layout-flex wp-container-core-columns-is-layout-28f84493 wp-block-columns-is-layout-flex\">\n<div class=\"wp-block-column is-layout-flow wp-block-column-is-layout-flow\" style=\"flex-basis:33.33%\">\n<figure class=\"wp-block-image size-large\"><img loading=\"lazy\" decoding=\"async\" width=\"230\" height=\"103\" src=\"https:\/\/geschichte.bibibo.info\/wp-content\/uploads\/2021\/07\/Crowley-2.jpg\" alt=\"\" class=\"wp-image-5070\"\/><\/figure>\n<\/div>\n\n\n\n<div class=\"wp-block-column is-layout-flow wp-block-column-is-layout-flow\" style=\"flex-basis:66.66%\">\n<ol class=\"wp-block-list\"><li><strong>Crowley-Verm\u00f6gensplanung, Biebertal, Hauptstra\u00dfe 2H.<\/strong> <br>Herr Crowley sagt:&nbsp; Da ich sowohl einen deutschen als auch amerikanischen Hintergrund habe, versuche ich das Beste aus zwei Welten zu vereinen. Mit Deutschland verbinde ich Zuverl\u00e4ssigkeit, Pr\u00e4zision und hohe Qualit\u00e4t. Mit Amerika hingegen Service und Dienstleistungsbereitschaft, hohe Flexibilit\u00e4t sowie den Willen etwas Positives zu erreichen und niemals aufzugeben.<\/li><\/ol>\n<\/div>\n<\/div>\n\n\n\n<p>2<strong>. Die ehemalige optische Firma Sch\u00f6lly <\/strong>(Robotic Endoskopie) im Industriegebiet wurde 2019 an die<strong> amerikanische Firma \u201eIntuitive Surgical\u201c Ltd.<\/strong> verkauft, die mit dem <strong>Da Vinci-System<\/strong> arbeitet. <a href=\"https:\/\/www.intuitive.com\/en-us\/products-and-services\/da-vinci\/systems\" target=\"_blank\" rel=\"noreferrer noopener\"><strong>https:\/\/www.intuitive.com\/en-us\/products-and-services\/da-vinci\/systems<\/strong><\/a><\/p>\n\n\n\n<div class=\"wp-block-columns is-layout-flex wp-container-core-columns-is-layout-28f84493 wp-block-columns-is-layout-flex\">\n<div class=\"wp-block-column is-layout-flow wp-block-column-is-layout-flow\">\n<div class=\"wp-block-image\"><figure class=\"aligncenter size-large is-resized\"><img loading=\"lazy\" decoding=\"async\" src=\"https:\/\/geschichte.bibibo.info\/wp-content\/uploads\/2021\/07\/da-vinci-1024x490.jpg\" alt=\"\" class=\"wp-image-5066\" width=\"499\" height=\"238\" srcset=\"https:\/\/geschichte.bibibo.info\/wp-content\/uploads\/2021\/07\/da-vinci-1024x490.jpg 1024w, https:\/\/geschichte.bibibo.info\/wp-content\/uploads\/2021\/07\/da-vinci-300x144.jpg 300w, https:\/\/geschichte.bibibo.info\/wp-content\/uploads\/2021\/07\/da-vinci-768x367.jpg 768w, https:\/\/geschichte.bibibo.info\/wp-content\/uploads\/2021\/07\/da-vinci.jpg 1415w\" sizes=\"auto, (max-width: 499px) 100vw, 499px\" \/><\/figure><\/div>\n<\/div>\n\n\n\n<div class=\"wp-block-column is-layout-flow wp-block-column-is-layout-flow\">\n<div class=\"wp-block-image\"><figure class=\"alignright size-large is-resized\"><img loading=\"lazy\" decoding=\"async\" src=\"https:\/\/geschichte.bibibo.info\/wp-content\/uploads\/2021\/07\/image.png\" alt=\"\" class=\"wp-image-5065\" width=\"250\" height=\"250\" srcset=\"https:\/\/geschichte.bibibo.info\/wp-content\/uploads\/2021\/07\/image.png 330w, https:\/\/geschichte.bibibo.info\/wp-content\/uploads\/2021\/07\/image-300x300.png 300w, https:\/\/geschichte.bibibo.info\/wp-content\/uploads\/2021\/07\/image-150x150.png 150w\" sizes=\"auto, (max-width: 250px) 100vw, 250px\" \/><\/figure><\/div>\n<\/div>\n<\/div>\n\n\n\n<p>3. Die <strong>Temetum GmbH\u00a0<\/strong> ist in der Karlstra\u00dfe 19 \u2013 21 zu Hause und vermarktet <strong>\u201eThe american way of lemonade\u201c <\/strong>in Deutschland. Ahoi-Brausepulver in T\u00fcten f\u00fcr 5 Pfennige ist den \u00c4lteren noch bekannt. Bei Temetum gibt es sie in 0,33l Dosen. <strong><a href=\"https:\/\/www.temetum.eu\" target=\"_blank\" rel=\"noreferrer noopener\">https:\/\/www.temetum.eu<\/a><\/strong>\/<\/p>\n\n\n\n<p>4. Die Blutegelzucht:<strong> Amerikanischen Forschern ist es gelungen, Blutegel-Nervenzellen mit einem Computer zu verbinden<\/strong>. Der Computer schickte Signale an die Zellen, die daraufhin korrekt eine Addition vollzogen. Der Versuch gilt als erster Schritt zum \u201eschlauen Computer\u201c, der selbstst\u00e4ndig nach Probleml\u00f6sungen sucht. (Aus dem Artikel \u201eR\u00fcdiger ist Rentner, verbringt seinen Lebensabend in Biebertal, TAZ-Archiv).<\/p>\n\n\n\n<div class=\"wp-block-image\"><figure class=\"aligncenter size-large\"><img loading=\"lazy\" decoding=\"async\" width=\"613\" height=\"255\" src=\"https:\/\/geschichte.bibibo.info\/wp-content\/uploads\/2021\/07\/Biebertaler-Blutegelzucht-1.jpg\" alt=\"\" class=\"wp-image-5071\" srcset=\"https:\/\/geschichte.bibibo.info\/wp-content\/uploads\/2021\/07\/Biebertaler-Blutegelzucht-1.jpg 613w, https:\/\/geschichte.bibibo.info\/wp-content\/uploads\/2021\/07\/Biebertaler-Blutegelzucht-1-300x125.jpg 300w\" sizes=\"auto, (max-width: 613px) 100vw, 613px\" \/><\/figure><\/div>\n\n\n\n<p><strong>Etwas hat mich bei der Suche sehr aufgest\u00f6rt, auch weil ich noch nie davon geh\u00f6rt hatte:<\/strong> In Biebertal gab es eine Au\u00dfenstelle des Strafgefangenenlagers West-Emsland. Die im Lager verbliebenen etwa<strong> 450 H\u00e4ftlinge &#8211; zumeist Kranke &#8211; wurden am 11.04.1945 von amerikanischen Truppen befreit<\/strong>. Und dann kl\u00e4rte sich das R\u00e4tsel auf. Gemeint ist ein kleiner, heute nicht mehr selbst\u00e4ndiger<em> Ortsteil von Lendringsen im Sauerland, das selber zu Menden geh\u00f6rt.<\/em> (Kurt Kl. Ehemaliger Gefangenen.-Lagerschreiber des Strafgefangenenlagers Lendringsen, Menden, an den B\u00fcrgermeister von Lendringsen am 23.06.1949, Stadtarchiv Menden, Amtsarchiv Menden, Nr. 1578-607).<\/p>\n\n\n\n<div class=\"wp-block-columns is-layout-flex wp-container-core-columns-is-layout-28f84493 wp-block-columns-is-layout-flex\">\n<div class=\"wp-block-column is-layout-flow wp-block-column-is-layout-flow\">\n<div class=\"wp-block-image\"><figure class=\"aligncenter size-large is-resized\"><img loading=\"lazy\" decoding=\"async\" src=\"https:\/\/geschichte.bibibo.info\/wp-content\/uploads\/2021\/07\/Freizeitzentrum-Biebertal.jpg\" alt=\"\" class=\"wp-image-5072\" width=\"440\" height=\"259\" srcset=\"https:\/\/geschichte.bibibo.info\/wp-content\/uploads\/2021\/07\/Freizeitzentrum-Biebertal.jpg 933w, https:\/\/geschichte.bibibo.info\/wp-content\/uploads\/2021\/07\/Freizeitzentrum-Biebertal-300x177.jpg 300w, https:\/\/geschichte.bibibo.info\/wp-content\/uploads\/2021\/07\/Freizeitzentrum-Biebertal-768x453.jpg 768w\" sizes=\"auto, (max-width: 440px) 100vw, 440px\" \/><figcaption><strong>Gastronomie, Spielwiesen, Bach, Friedensdenkmal, <br>Grillh\u00fctte, Volieren und Familienfr\u00fchst\u00fcc<\/strong>k<\/figcaption><\/figure><\/div>\n<\/div>\n\n\n\n<div class=\"wp-block-column is-layout-flow wp-block-column-is-layout-flow\">\n<div class=\"wp-block-image\"><figure class=\"aligncenter size-large is-resized\"><img loading=\"lazy\" decoding=\"async\" src=\"https:\/\/geschichte.bibibo.info\/wp-content\/uploads\/2021\/07\/Familienfruehstueck.jpg\" alt=\"\" class=\"wp-image-5073\" width=\"282\" height=\"325\" srcset=\"https:\/\/geschichte.bibibo.info\/wp-content\/uploads\/2021\/07\/Familienfruehstueck.jpg 705w, https:\/\/geschichte.bibibo.info\/wp-content\/uploads\/2021\/07\/Familienfruehstueck-260x300.jpg 260w\" sizes=\"auto, (max-width: 282px) 100vw, 282px\" \/><\/figure><\/div>\n<\/div>\n<\/div>\n\n\n\n<p>Heutzutage scheint ein Besuch im<em><strong> &#8222;Freizeitzentrum Biebertal&#8220;<\/strong><\/em> wie \u00fcberhaupt in ganz Menden lohnend zu sein. Es gibt einige sch\u00f6ne H\u00f6hlen, den Hexenteich, die\u00a0H\u00f6nne, aussagestarke Holzskulpturen, das westf\u00e4lische Kettenmuseum und das KiKI Island <a href=\"https:\/\/www.kiki-island.de\/infos\/attraktionen\" target=\"_blank\" rel=\"noreferrer noopener\"><strong>https:\/\/www.kiki-island.de\/infos\/attraktionen<\/strong><\/a>; Fahrzeit 2-2,5 Stunden, also <strong>die richtige Entfernung f\u00fcr ein Wochenende.<\/strong><\/p>\n\n\n\n<div class=\"wp-block-columns is-layout-flex wp-container-core-columns-is-layout-28f84493 wp-block-columns-is-layout-flex\">\n<div class=\"wp-block-column is-layout-flow wp-block-column-is-layout-flow\"><\/div>\n\n\n\n<div class=\"wp-block-column is-layout-flow wp-block-column-is-layout-flow\"><\/div>\n<\/div>\n\n\n\n<p class=\"has-small-font-size\"><strong>Quellen: Internet<br>Fotos: Mammutbaum: Alfons Lindemann; Freizeitzentrum Biebertal: Eveline Renell; \u00fcbrige: Firmen<\/strong><\/p>\n","protected":false},"excerpt":{"rendered":"<p>Manche Artikel kommen eher zuf\u00e4llig zustande. Der 4. Juli hat noch keinen Beitrag, amerikanischer Unabh\u00e4ngigkeitstag f\u00e4llt mir ein. Also gucke ich doch mal, ob es da Ber\u00fchrungspunkte zwischen Amerika, Amerikanern und Biebertal gibt. Hier lesen Sie ein paar gesammelte Schnipsel. Der gro\u00dfe Mammutbaum im Wald von Fellingshausen wird liebevoll auch \u201eDer Amerikaner\u201c genannt. Warum ist &hellip; <\/p>\n<p class=\"link-more\"><a href=\"https:\/\/geschichte.bibibo.info\/?p=5061\" class=\"more-link\">Mehr <span class=\"screen-reader-text\">\u00fcber &#8222;4. Juli &#8211; Amerika und Biebertal&#8220; <\/span>Lesen<\/a><\/p>\n","protected":false},"author":3,"featured_media":0,"comment_status":"open","ping_status":"closed","sticky":false,"template":"","format":"standard","meta":{"footnotes":""},"categories":[38],"tags":[51,53,50,52],"class_list":["post-5061","post","type-post","status-publish","format-standard","hentry","category-geschichte","tag-amerikaner-als-befreier","tag-erholung-in-menden","tag-firmen-in-biebertal","tag-strafgefangenenlager"],"_links":{"self":[{"href":"https:\/\/geschichte.bibibo.info\/index.php?rest_route=\/wp\/v2\/posts\/5061","targetHints":{"allow":["GET"]}}],"collection":[{"href":"https:\/\/geschichte.bibibo.info\/index.php?rest_route=\/wp\/v2\/posts"}],"about":[{"href":"https:\/\/geschichte.bibibo.info\/index.php?rest_route=\/wp\/v2\/types\/post"}],"author":[{"embeddable":true,"href":"https:\/\/geschichte.bibibo.info\/index.php?rest_route=\/wp\/v2\/users\/3"}],"replies":[{"embeddable":true,"href":"https:\/\/geschichte.bibibo.info\/index.php?rest_route=%2Fwp%2Fv2%2Fcomments&post=5061"}],"version-history":[{"count":10,"href":"https:\/\/geschichte.bibibo.info\/index.php?rest_route=\/wp\/v2\/posts\/5061\/revisions"}],"predecessor-version":[{"id":5083,"href":"https:\/\/geschichte.bibibo.info\/index.php?rest_route=\/wp\/v2\/posts\/5061\/revisions\/5083"}],"wp:attachment":[{"href":"https:\/\/geschichte.bibibo.info\/index.php?rest_route=%2Fwp%2Fv2%2Fmedia&parent=5061"}],"wp:term":[{"taxonomy":"category","embeddable":true,"href":"https:\/\/geschichte.bibibo.info\/index.php?rest_route=%2Fwp%2Fv2%2Fcategories&post=5061"},{"taxonomy":"post_tag","embeddable":true,"href":"https:\/\/geschichte.bibibo.info\/index.php?rest_route=%2Fwp%2Fv2%2Ftags&post=5061"}],"curies":[{"name":"wp","href":"https:\/\/api.w.org\/{rel}","templated":true}]}}